{"id":6745,"date":"2026-09-02T06:08:29","date_gmt":"2026-09-02T05:08:29","guid":{"rendered":"https:\/\/chch.arminfonews.ru\/?p=6745"},"modified":"2026-09-02T06:08:31","modified_gmt":"2026-09-02T05:08:31","slug":"der-blick-uber-den-esstisch","status":"publish","type":"post","link":"https:\/\/chch.arminfonews.ru\/?p=6745","title":{"rendered":"Der Blick \u00fcber den Esstisch"},"content":{"rendered":"\n<p class=\"wp-block-paragraph\">Familienessen geh\u00f6rten f\u00fcr mich schon immer zu den wenigen Traditionen, die ich auf keinen Fall verschwinden lassen wollte.<\/p>\n\n\n\n<p class=\"wp-block-paragraph\">Mit der Zeit werden alle besch\u00e4ftigter. Die Kinder werden erwachsen, die Arbeit nimmt immer mehr Raum ein, und pl\u00f6tzlich brauchen Menschen, die sich fr\u00fcher fast t\u00e4glich gesehen haben, einen Kalender, um \u00fcberhaupt noch einen gemeinsamen Abend zu finden. Deshalb lud ich meine Familie, wann immer es m\u00f6glich war, zum Essen zu mir nach Hause ein.<\/p>\n\n\n\n<p class=\"wp-block-paragraph\">Auch dieser Sonntag sollte eigentlich nicht anders werden.<\/p>\n\n\n\n<figure class=\"wp-block-image size-full\"><img loading=\"lazy\" decoding=\"async\" width=\"355\" height=\"403\" src=\"http:\/\/chch.arminfonews.ru\/wp-content\/uploads\/2026\/09\/7859.jpg\" alt=\"\" class=\"wp-image-6746\" srcset=\"https:\/\/chch.arminfonews.ru\/wp-content\/uploads\/2026\/09\/7859.jpg 355w, https:\/\/chch.arminfonews.ru\/wp-content\/uploads\/2026\/09\/7859-264x300.jpg 264w\" sizes=\"auto, (max-width: 355px) 100vw, 355px\" \/><\/figure>\n\n\n\n<p class=\"wp-block-paragraph\">Meine Tochter Laura kam mit ihrem Mann Daniel. Mein j\u00fcngerer Sohn brachte seine Freundin mit, und auch meine Schwester war dabei. Schon bald war das Haus erf\u00fcllt von vertrauten Ger\u00e4uschen: Teller wurden auf den Tisch gestellt, St\u00fchle r\u00fcckten \u00fcber den Boden, und mehrere Gespr\u00e4che liefen gleichzeitig.<\/p>\n\n\n\n<p class=\"wp-block-paragraph\">Alles wirkte vollkommen normal.<\/p>\n\n\n\n<p class=\"wp-block-paragraph\">Zumindest so lange, bis mir auffiel, dass Daniel mich immer wieder ansah.<\/p>\n\n\n\n<h2 class=\"wp-block-heading\">Eine seltsame Stille<\/h2>\n\n\n\n<p class=\"wp-block-paragraph\">Zun\u00e4chst dachte ich, ich w\u00fcrde mir das nur einbilden.<\/p>\n\n\n\n<p class=\"wp-block-paragraph\">Daniel sa\u00df mir fast direkt gegen\u00fcber. Doch jedes Mal, wenn ich w\u00e4hrend des Essens aufsah, schien sein Blick auf mir zu ruhen.<\/p>\n\n\n\n<p class=\"wp-block-paragraph\">Sobald ich ihn dabei ertappte, schaute er zur Seite.<\/p>\n\n\n\n<p class=\"wp-block-paragraph\">Ich versuchte, mir nichts dabei zu denken.<\/p>\n\n\n\n<p class=\"wp-block-paragraph\">Daniel geh\u00f6rte schlie\u00dflich schon seit mehreren Jahren zu unserer Familie. Wir waren uns nicht au\u00dfergew\u00f6hnlich nah, hatten aber immer ein angenehmes Verh\u00e4ltnis gehabt. Er war h\u00f6flich, hilfsbereit und normalerweise unkompliziert im Umgang.<\/p>\n\n\n\n<p class=\"wp-block-paragraph\">An diesem Abend war er jedoch ungew\u00f6hnlich still.<\/p>\n\n\n\n<p class=\"wp-block-paragraph\">In Gedanken ging ich alles durch, was ich seit ihrer Ankunft gesagt hatte.<\/p>\n\n\n\n<p class=\"wp-block-paragraph\">Hatte ich vielleicht eine unpassende Bemerkung gemacht? Hatte ich Laura irgendwie in Verlegenheit gebracht? Oder hatte ich eine Frage gestellt, die zu pers\u00f6nlich gewesen war?<\/p>\n\n\n\n<p class=\"wp-block-paragraph\">Mir fiel nichts ein.<\/p>\n\n\n\n<p class=\"wp-block-paragraph\">W\u00e4hrenddessen gingen die Gespr\u00e4che am Tisch weiter. Meine Schwester erz\u00e4hlte von einem Erlebnis bei der Arbeit. Mein Sohn behauptete, die Kartoffeln br\u00e4uchten mehr Salz. Laura lachte \u00fcber etwas, das Daniel ihr leise sagte.<\/p>\n\n\n\n<p class=\"wp-block-paragraph\">Dann blickte ich erneut zu ihm.<\/p>\n\n\n\n<p class=\"wp-block-paragraph\">Wieder sah er mich an.<\/p>\n\n\n\n<p class=\"wp-block-paragraph\">Diesmal wandte er den Blick nicht sofort ab.<\/p>\n\n\n\n<p class=\"wp-block-paragraph\">Sein Gesichtsausdruck beunruhigte mich, aber er wirkte nicht w\u00fctend. Eigentlich sah er eher verwundert aus.<\/p>\n\n\n\n<p class=\"wp-block-paragraph\">Und genau das machte die Sache noch r\u00e4tselhafter.<\/p>\n\n\n\n<h2 class=\"wp-block-heading\">Wenn die Gedanken ihre eigenen Erkl\u00e4rungen erfinden<\/h2>\n\n\n\n<p class=\"wp-block-paragraph\">Ein einziger merkw\u00fcrdiger Moment kann sich im Kopf schnell in zehn verschiedene Probleme verwandeln, wenn man seine Ursache nicht kennt.<\/p>\n\n\n\n<p class=\"wp-block-paragraph\">Ich fragte mich pl\u00f6tzlich, ob Laura und Daniel vielleicht \u00fcber mich gesprochen hatten. M\u00f6glicherweise hatte ich mich unbewusst zu sehr in ihre Ehe eingemischt. Vielleicht fand Daniel, dass ich meine Tochter zu h\u00e4ufig anrief oder zu oft nach ihrem Leben fragte.<\/p>\n\n\n\n<p class=\"wp-block-paragraph\">Eltern erwachsener Kinder m\u00fcssen irgendwann etwas Schwieriges akzeptieren: Liebe bedeutet nicht automatisch, dass wir das Recht haben, uns in jeden Bereich ihres Lebens einzumischen.<\/p>\n\n\n\n<p class=\"wp-block-paragraph\">Ich hatte immer versucht, diese Grenze zu respektieren.<\/p>\n\n\n\n<p class=\"wp-block-paragraph\">Aber niemand kann sein eigenes Verhalten vollkommen objektiv beurteilen.<\/p>\n\n\n\n<p class=\"wp-block-paragraph\">Vielleicht hatte ich sie doch \u00fcberschritten.<\/p>\n\n\n\n<p class=\"wp-block-paragraph\">Als der Nachtisch serviert wurde, konnte ich mich kaum noch auf die Gespr\u00e4che konzentrieren. Daniel hatte inzwischen mehrmals zu mir her\u00fcbergeschaut, und jedes Mal wurde ich sicherer, dass etwas nicht stimmte.<\/p>\n\n\n\n<p class=\"wp-block-paragraph\">Schlie\u00dflich beschloss ich, dass es schlimmer war, mir weiterhin m\u00f6gliche Gr\u00fcnde auszumalen, als ihn einfach zu fragen.<\/p>\n\n\n\n<p class=\"wp-block-paragraph\">Als es am Tisch f\u00fcr einen Moment ruhiger wurde, stellte ich meine Tasse ab.<\/p>\n\n\n\n<p class=\"wp-block-paragraph\">\u201eDaniel, ist alles in Ordnung?\u201c<\/p>\n\n\n\n<p class=\"wp-block-paragraph\">Mehrere Familienmitglieder sahen zu uns.<\/p>\n\n\n\n<p class=\"wp-block-paragraph\">Er wirkte \u00fcberrascht.<\/p>\n\n\n\n<p class=\"wp-block-paragraph\">\u201eJa. Warum?\u201c<\/p>\n\n\n\n<p class=\"wp-block-paragraph\">Ich z\u00f6gerte kurz und stellte dann die Frage, die mich schon fast den ganzen Abend besch\u00e4ftigte.<\/p>\n\n\n\n<p class=\"wp-block-paragraph\">\u201eWeil du mich beim Essen st\u00e4ndig ansiehst. Habe ich irgendetwas falsch gemacht?\u201c<\/p>\n\n\n\n<p class=\"wp-block-paragraph\">Pl\u00f6tzlich wurde es still.<\/p>\n\n\n\n<p class=\"wp-block-paragraph\">Daniels Gesichtsausdruck ver\u00e4nderte sich sofort.<\/p>\n\n\n\n<p class=\"wp-block-paragraph\">Laura sah zuerst ihn und dann mich an.<\/p>\n\n\n\n<p class=\"wp-block-paragraph\">Einige Sekunden sagte niemand etwas.<\/p>\n\n\n\n<p class=\"wp-block-paragraph\">Und genau diese Stille \u00fcberzeugte mich davon, dass meine Bef\u00fcrchtungen richtig gewesen waren.<\/p>\n\n\n\n<p class=\"wp-block-paragraph\">Es gab tats\u00e4chlich etwas, das er mir bisher nicht gesagt hatte.<\/p>\n\n\n\n<h2 class=\"wp-block-heading\">Eine Antwort, mit der ich nicht gerechnet hatte<\/h2>\n\n\n\n<p class=\"wp-block-paragraph\">Daniel sch\u00fcttelte langsam den Kopf.<\/p>\n\n\n\n<p class=\"wp-block-paragraph\">\u201eNein. Du hast \u00fcberhaupt nichts falsch gemacht.\u201c<\/p>\n\n\n\n<p class=\"wp-block-paragraph\">Jetzt wirkte er beinahe verlegen.<\/p>\n\n\n\n<p class=\"wp-block-paragraph\">Dann begann er zu erkl\u00e4ren.<\/p>\n\n\n\n<p class=\"wp-block-paragraph\">Einige Tage zuvor hatten er und Laura mehrere Kartons durchgesehen, die nach dem Tod meiner Mutter aus ihrem Haus mitgenommen worden waren. Darin befanden sich haupts\u00e4chlich gew\u00f6hnliche Familiengegenst\u00e4nde: alte Dokumente, Weihnachtsdekoration, Briefe und zahlreiche Fotografien.<\/p>\n\n\n\n<p class=\"wp-block-paragraph\">In einem Umschlag hatten sie jedoch Bilder gefunden, die Daniel noch nie zuvor gesehen hatte.<\/p>\n\n\n\n<p class=\"wp-block-paragraph\">Eines davon hatte ihn besonders besch\u00e4ftigt.<\/p>\n\n\n\n<p class=\"wp-block-paragraph\">Darauf war meine Mutter ungef\u00e4hr in dem Alter zu sehen, in dem ich heute war.<\/p>\n\n\n\n<p class=\"wp-block-paragraph\">Daniel erz\u00e4hlte, dass er beim ersten Blick auf das Foto \u00fcberzeugt gewesen sei, mich darauf zu sehen.<\/p>\n\n\n\n<p class=\"wp-block-paragraph\">Die \u00c4hnlichkeit war offenbar so gro\u00df, dass er Laura sogar gefragt hatte, warum sie ihm dieses Foto ihrer Mutter noch nie gezeigt hatte.<\/p>\n\n\n\n<p class=\"wp-block-paragraph\">Laura hatte gelacht und ihm erkl\u00e4rt, dass die Frau auf dem Bild gar nicht ich war.<\/p>\n\n\n\n<p class=\"wp-block-paragraph\">Es war ihre Gro\u00dfmutter.<\/p>\n\n\n\n<p class=\"wp-block-paragraph\">Daniel hatte ihr zun\u00e4chst kaum geglaubt. Erst als Laura ihm weitere Bilder aus derselben Zeit zeigte, verstand er, dass sie tats\u00e4chlich recht hatte.<\/p>\n\n\n\n<p class=\"wp-block-paragraph\">Und nun sa\u00df er nur wenige Tage sp\u00e4ter beim Abendessen mir gegen\u00fcber und konnte die \u00c4hnlichkeiten nicht mehr \u00fcbersehen.<\/p>\n\n\n\n<p class=\"wp-block-paragraph\">Die Form unseres Gesichts.<\/p>\n\n\n\n<p class=\"wp-block-paragraph\">Die Art, wie wir beim Zuh\u00f6ren den Kopf hielten.<\/p>\n\n\n\n<p class=\"wp-block-paragraph\">Sogar manche Gesichtsausdr\u00fccke.<\/p>\n\n\n\n<p class=\"wp-block-paragraph\">\u201eIch wei\u00df, das klingt vielleicht seltsam\u201c, sagte er, \u201eaber jedes Mal, wenn du aufgeschaut hast, musste ich an die Frau auf diesem Foto denken.\u201c<\/p>\n\n\n\n<p class=\"wp-block-paragraph\">F\u00fcr einen Augenblick sagte niemand etwas.<\/p>\n\n\n\n<p class=\"wp-block-paragraph\">Die Anspannung, die ich den ganzen Abend mit mir herumgetragen hatte, verschwand beinahe sofort.<\/p>\n\n\n\n<p class=\"wp-block-paragraph\">Doch an ihre Stelle trat ein anderes Gef\u00fchl.<\/p>\n\n\n\n<p class=\"wp-block-paragraph\">Eines, mit dem ich \u00fcberhaupt nicht gerechnet hatte.<\/p>\n\n\n\n<h2 class=\"wp-block-heading\">Ein Foto aus einem anderen Leben<\/h2>\n\n\n\n<p class=\"wp-block-paragraph\">Meine Mutter war bereits seit vielen Jahren nicht mehr da.<\/p>\n\n\n\n<p class=\"wp-block-paragraph\">Wie es nach dem Verlust eines geliebten Menschen h\u00e4ufig geschieht, waren meine Erinnerungen an sie immer st\u00e4rker mit ihren letzten Lebensjahren verbunden. Ich erinnerte mich an die \u00e4ltere Frau, die ich gekannt hatte: an ihre grauen Haare, ihre vorsichtigen Bewegungen, ihren Lieblingssessel und daran, wie sie beim Sitzen die H\u00e4nde zusammenlegte.<\/p>\n\n\n\n<p class=\"wp-block-paragraph\">Nur selten stellte ich sie mir als junge Frau vor.<\/p>\n\n\n\n<p class=\"wp-block-paragraph\">Dabei war sie nat\u00fcrlich einmal jung gewesen.<\/p>\n\n\n\n<p class=\"wp-block-paragraph\">Bevor sie Mutter wurde, war sie selbst eine Tochter gewesen. Sie hatte sich Gedanken \u00fcber Kleidung, Freundschaften, Geld und ihre Zukunft gemacht. Wahrscheinlich hatte auch sie vor einem Spiegel gestanden und sich gefragt, wie sie aussah.<\/p>\n\n\n\n<p class=\"wp-block-paragraph\">Pl\u00f6tzlich wollte ich dieses Foto unbedingt sehen.<\/p>\n\n\n\n<p class=\"wp-block-paragraph\">Laura nahm sofort ihr Handy.<\/p>\n\n\n\n<p class=\"wp-block-paragraph\">Sie hatte das alte Bild fotografiert.<\/p>\n\n\n\n<p class=\"wp-block-paragraph\">Als sie mir das Display zeigte, verstand ich, warum Daniel mich den ganzen Abend angesehen hatte.<\/p>\n\n\n\n<p class=\"wp-block-paragraph\">F\u00fcr einen Moment war sogar ich verbl\u00fcfft.<\/p>\n\n\n\n<p class=\"wp-block-paragraph\">Meine Mutter stand vor einem Haus, an das ich mich schwach aus meiner Kindheit erinnern konnte. Ihre Frisur war anders als meine, und ihre Kleidung geh\u00f6rte eindeutig zu einer anderen Zeit.<\/p>\n\n\n\n<p class=\"wp-block-paragraph\">Doch ihr Gesichtsausdruck kam mir unglaublich bekannt vor.<\/p>\n\n\n\n<p class=\"wp-block-paragraph\">Es ging nicht nur darum, dass wir \u00e4hnliche Gesichtsz\u00fcge hatten.<\/p>\n\n\n\n<p class=\"wp-block-paragraph\">Die Art, wie sie in die Kamera blickte, erinnerte mich beinahe an mein eigenes Spiegelbild.<\/p>\n\n\n\n<p class=\"wp-block-paragraph\">Meine Schwester beugte sich \u00fcber meine Schulter und l\u00e4chelte.<\/p>\n\n\n\n<p class=\"wp-block-paragraph\">\u201eDu siehst ihr wirklich \u00e4hnlich.\u201c<\/p>\n\n\n\n<p class=\"wp-block-paragraph\">Ich betrachtete das Foto noch lange.<\/p>\n\n\n\n<p class=\"wp-block-paragraph\">Ein Abendessen, bei dem ich zun\u00e4chst geglaubt hatte, meinen Schwiegersohn irgendwie beleidigt zu haben, hatte sich pl\u00f6tzlich in ein Gespr\u00e4ch \u00fcber Menschen verwandelt, die l\u00e4ngst nicht mehr mit uns am Tisch sitzen konnten.<\/p>\n\n\n\n<h2 class=\"wp-block-heading\">Die Geschichten in alten Kartons<\/h2>\n\n\n\n<p class=\"wp-block-paragraph\">In der folgenden Stunde betrachteten wir gemeinsam weitere Fotos, die Laura auf ihrem Handy gespeichert hatte.<\/p>\n\n\n\n<p class=\"wp-block-paragraph\">Einige kannte ich bereits. Andere hatte ich noch nie gesehen.<\/p>\n\n\n\n<p class=\"wp-block-paragraph\">Da war meine Mutter bei einem Ausflug, lange bevor ich geboren wurde. Mein Vater stand neben einem alten Auto. Meine Gro\u00dfeltern waren vor einem Haus zu sehen, das heute nicht mehr existierte. Und dann waren da Verwandte, deren Namen mir vertraut waren, deren junge Gesichter ich jedoch kaum wiedererkannte.<\/p>\n\n\n\n<p class=\"wp-block-paragraph\">Die j\u00fcngeren Familienmitglieder begannen Fragen zu stellen.<\/p>\n\n\n\n<p class=\"wp-block-paragraph\">Wer war diese Person?<\/p>\n\n\n\n<p class=\"wp-block-paragraph\">Wo wurde dieses Bild aufgenommen?<\/p>\n\n\n\n<p class=\"wp-block-paragraph\">Warum waren damals alle so gekleidet?<\/p>\n\n\n\n<p class=\"wp-block-paragraph\">Was war aus diesem Haus geworden?<\/p>\n\n\n\n<p class=\"wp-block-paragraph\">Einige Fragen konnte ich beantworten. Bei anderen wusste meine Schwester mehr. Manche blieben unbeantwortet.<\/p>\n\n\n\n<p class=\"wp-block-paragraph\">Dabei wurde mir bewusst, wie leicht Familiengeschichte verloren gehen kann.<\/p>\n\n\n\n<p class=\"wp-block-paragraph\">Ein Foto kann siebzig Jahre \u00fcberstehen, w\u00e4hrend die Geschichte dahinter innerhalb einer einzigen Generation verschwindet, wenn niemand danach fragt.<\/p>\n\n\n\n<p class=\"wp-block-paragraph\">Oft glauben wir, unsere Kinder w\u00fcrden die wichtigsten Familiengeschichten automatisch kennen, nur weil sie mit uns aufgewachsen sind.<\/p>\n\n\n\n<p class=\"wp-block-paragraph\">In Wirklichkeit kennen sie h\u00e4ufig nur einzelne Bruchst\u00fccke.<\/p>\n\n\n\n<p class=\"wp-block-paragraph\">Einen Namen, der irgendwann an Weihnachten erw\u00e4hnt wurde.<\/p>\n\n\n\n<p class=\"wp-block-paragraph\">Ein Gesicht auf einem alten Foto.<\/p>\n\n\n\n<p class=\"wp-block-paragraph\">Eine Geschichte, die sie als Kind einmal geh\u00f6rt und sp\u00e4ter fast vollst\u00e4ndig vergessen haben.<\/p>\n\n\n\n<p class=\"wp-block-paragraph\">An diesem Abend hatte Daniels auff\u00e4lliger Blick ganz unbeabsichtigt eine T\u00fcr ge\u00f6ffnet, die keiner von uns zu \u00f6ffnen geplant hatte.<\/p>\n\n\n\n<h2 class=\"wp-block-heading\">Warum Familien\u00e4hnlichkeit so faszinierend sein kann<\/h2>\n\n\n\n<p class=\"wp-block-paragraph\">Dass Verwandte einander \u00e4hnlich sehen, ist nat\u00fcrlich nichts Ungew\u00f6hnliches. Kinder erben unterschiedliche genetische Merkmale ihrer Eltern, und manche Eigenschaften tauchen \u00fcber mehrere Generationen hinweg auf.<\/p>\n\n\n\n<p class=\"wp-block-paragraph\">Doch \u00c4hnlichkeit besteht nicht ausschlie\u00dflich aus Augenfarbe, Nasenform oder Gesichtsz\u00fcgen.<\/p>\n\n\n\n<p class=\"wp-block-paragraph\">Familien teilen auch einen gro\u00dfen Teil ihres sozialen Umfelds.<\/p>\n\n\n\n<p class=\"wp-block-paragraph\">Wir \u00fcbernehmen Gesten, Gesichtsausdr\u00fccke und Gewohnheiten von den Menschen, mit denen wir aufwachsen. Eine Tochter kann \u00e4hnlich l\u00e4cheln wie ihre Mutter, weil sie bestimmte k\u00f6rperliche Merkmale geerbt hat, aber m\u00f6glicherweise auch deshalb, weil sie dieses L\u00e4cheln jahrelang gesehen hat.<\/p>\n\n\n\n<p class=\"wp-block-paragraph\">Gerade deshalb k\u00f6nnen alte Fotografien eine erstaunliche Wirkung entfalten.<\/p>\n\n\n\n<p class=\"wp-block-paragraph\">Sie lassen zeitliche Grenzen f\u00fcr einen Augenblick verschwinden.<\/p>\n\n\n\n<p class=\"wp-block-paragraph\">Ein Mensch, den wir nur als \u00e4ltere Gro\u00dfmutter oder \u00e4lteren Gro\u00dfvater kannten, steht pl\u00f6tzlich als 25-J\u00e4hrige oder 25-J\u00e4hriger vor uns. Und manchmal entdecken wir in diesem jungen Gesicht etwas von uns selbst.<\/p>\n\n\n\n<p class=\"wp-block-paragraph\">Nat\u00fcrlich bedeutet eine \u00e4u\u00dferliche \u00c4hnlichkeit nicht, dass zwei Menschen dieselbe Pers\u00f6nlichkeit besitzen oder denselben Lebensweg gehen werden.<\/p>\n\n\n\n<p class=\"wp-block-paragraph\">Unsere Familiengeschichte pr\u00e4gt uns, bestimmt aber nicht vollst\u00e4ndig, wer wir sind.<\/p>\n\n\n\n<p class=\"wp-block-paragraph\">Trotzdem k\u00f6nnen solche Momente daran erinnern, dass unser eigenes Leben Teil einer viel l\u00e4ngeren Geschichte ist.<\/p>\n\n\n\n<h2 class=\"wp-block-heading\">Eine einzige Frage ver\u00e4nderte den Abend<\/h2>\n\n\n\n<p class=\"wp-block-paragraph\">Als sich sp\u00e4ter alle zum Aufbruch vorbereiteten, entschuldigte sich Daniel bei mir.<\/p>\n\n\n\n<p class=\"wp-block-paragraph\">Er hatte nicht bemerkt, wie auff\u00e4llig sein st\u00e4ndiges Her\u00fcberschauen gewesen war.<\/p>\n\n\n\n<p class=\"wp-block-paragraph\">Ich sagte ihm, dass er sich nicht entschuldigen m\u00fcsse.<\/p>\n\n\n\n<p class=\"wp-block-paragraph\">Im Gegenteil, eigentlich war ich ihm sogar dankbar.<\/p>\n\n\n\n<p class=\"wp-block-paragraph\">H\u00e4tte ich ihn nicht gefragt, warum er mich st\u00e4ndig ansah, h\u00e4tten wir wahrscheinlich einfach zu Ende gegessen, den Tisch abger\u00e4umt und w\u00e4ren anschlie\u00dfend wieder in unseren Alltag zur\u00fcckgekehrt.<\/p>\n\n\n\n<p class=\"wp-block-paragraph\">Stattdessen verbrachten wir einen gro\u00dfen Teil des Abends damit, \u00fcber meine Mutter und unsere Familiengeschichte zu sprechen.<\/p>\n\n\n\n<p class=\"wp-block-paragraph\">Meine Tochter h\u00f6rte Geschichten \u00fcber ihre Gro\u00dfmutter, die ich ihr zuvor nie erz\u00e4hlt hatte. Mein Sohn erfuhr Dinge \u00fcber seinen Gro\u00dfvater, die ihm ebenfalls unbekannt gewesen waren.<\/p>\n\n\n\n<p class=\"wp-block-paragraph\">Und sogar ich erinnerte mich an Einzelheiten, die ich l\u00e4ngst vergessen hatte.<\/p>\n\n\n\n<p class=\"wp-block-paragraph\">Das alles hatte mit einem Blick \u00fcber den Esstisch begonnen, den ich v\u00f6llig falsch interpretiert hatte.<\/p>\n\n\n\n<p class=\"wp-block-paragraph\">Darin lag noch eine weitere Erkenntnis.<\/p>\n\n\n\n<p class=\"wp-block-paragraph\">Wenn uns das Verhalten eines anderen Menschen seltsam erscheint, f\u00fcllen wir die fehlenden Informationen h\u00e4ufig mit unseren eigenen Vermutungen.<\/p>\n\n\n\n<p class=\"wp-block-paragraph\">Und diese Vermutungen fallen erstaunlich oft negativer aus als die Wirklichkeit.<\/p>\n\n\n\n<p class=\"wp-block-paragraph\">Jemand ist still, also glauben wir, er sei w\u00fctend.<\/p>\n\n\n\n<p class=\"wp-block-paragraph\">Eine Nachricht wird nicht sofort beantwortet, also vermuten wir Ablehnung.<\/p>\n\n\n\n<p class=\"wp-block-paragraph\">Jemand schaut uns merkw\u00fcrdig an, also denken wir, er kritisiere uns.<\/p>\n\n\n\n<p class=\"wp-block-paragraph\">Manchmal stimmen solche Vermutungen.<\/p>\n\n\n\n<p class=\"wp-block-paragraph\">Aber l\u00e4ngst nicht immer.<\/p>\n\n\n\n<p class=\"wp-block-paragraph\">Eine einfache Frage kann manchmal Stunden unn\u00f6tiger Sorgen verhindern.<\/p>\n\n\n\n<h2 class=\"wp-block-heading\">Was wir anschlie\u00dfend beschlossen<\/h2>\n\n\n\n<p class=\"wp-block-paragraph\">Bevor Laura nach Hause fuhr, bat ich sie darum, die alten Fotografien nicht einfach wieder in einen Karton zu legen und zu vergessen.<\/p>\n\n\n\n<p class=\"wp-block-paragraph\">Wir beschlossen, sie gemeinsam zu ordnen.<\/p>\n\n\n\n<p class=\"wp-block-paragraph\">Wir wollten m\u00f6glichst viele Personen identifizieren, ungef\u00e4hre Jahreszahlen und Orte notieren und digitale Kopien der wichtigsten Aufnahmen anfertigen.<\/p>\n\n\n\n<p class=\"wp-block-paragraph\">Vor allem aber wollten wir die Geschichten hinter den Bildern festhalten.<\/p>\n\n\n\n<p class=\"wp-block-paragraph\">Ein Foto ohne Zusammenhang bewahrt ein Gesicht.<\/p>\n\n\n\n<p class=\"wp-block-paragraph\">Ein Foto mit einer Geschichte kann einen Teil eines Lebens bewahren.<\/p>\n\n\n\n<p class=\"wp-block-paragraph\">Nat\u00fcrlich wird es L\u00fccken geben. Einige Namen sind bereits vergessen, und manche Ereignisse lassen sich heute nicht mehr zuverl\u00e4ssig rekonstruieren.<\/p>\n\n\n\n<p class=\"wp-block-paragraph\">Wir waren uns jedoch einig, keine Geschichten zu erfinden, nur um diese L\u00fccken zu f\u00fcllen. Wenn niemand etwas sicher wusste, sollte es auch als unbekannt gekennzeichnet werden.<\/p>\n\n\n\n<p class=\"wp-block-paragraph\">Das erschien uns besser, als Vermutungen so oft zu wiederholen, bis sie irgendwann f\u00fcr Tatsachen gehalten werden.<\/p>\n\n\n\n<h2 class=\"wp-block-heading\">Mehr als nur eine \u00c4hnlichkeit<\/h2>\n\n\n\n<p class=\"wp-block-paragraph\">Nachdem alle gegangen waren, kehrte ich noch einmal ins Esszimmer zur\u00fcck.<\/p>\n\n\n\n<p class=\"wp-block-paragraph\">Die Teller waren wegger\u00e4umt, die St\u00fchle zur\u00fcckgeschoben, und im Haus war es wieder still.<\/p>\n\n\n\n<p class=\"wp-block-paragraph\">Ich \u00f6ffnete das Foto, das Laura mir inzwischen auf mein Handy geschickt hatte.<\/p>\n\n\n\n<p class=\"wp-block-paragraph\">Diesmal betrachtete ich meine Mutter mit anderen Augen.<\/p>\n\n\n\n<p class=\"wp-block-paragraph\">Ich suchte nicht mehr danach, welche Gesichtsz\u00fcge wir gemeinsam hatten.<\/p>\n\n\n\n<p class=\"wp-block-paragraph\">Stattdessen dachte ich dar\u00fcber nach, wie viel Zeit zwischen dem Augenblick, in dem dieses Foto entstanden war, und unserem Familienessen lag.<\/p>\n\n\n\n<p class=\"wp-block-paragraph\">Meine Mutter konnte damals unm\u00f6glich wissen, dass ihre Enkelin dieses Bild Jahrzehnte sp\u00e4ter in einem alten Karton entdecken w\u00fcrde.<\/p>\n\n\n\n<p class=\"wp-block-paragraph\">Sie konnte nicht wissen, dass ein Mann, der sie niemals pers\u00f6nlich kennenlernen w\u00fcrde, ihr Gesicht eines Tages in dem ihrer Tochter wiedererkennen w\u00fcrde.<\/p>\n\n\n\n<p class=\"wp-block-paragraph\">Und ganz sicher konnte sie nicht ahnen, dass dieses eine Foto viele Jahre sp\u00e4ter zum Mittelpunkt eines Familienabends werden w\u00fcrde.<\/p>\n\n\n\n<p class=\"wp-block-paragraph\">Zu Beginn des Abends hatte Daniels Blick mich beunruhigt, weil ich glaubte, darin Kritik zu erkennen.<\/p>\n\n\n\n<p class=\"wp-block-paragraph\">Am Ende wurde er zu einer unerwarteten Erinnerung daran, wie stark Generationen miteinander verbunden sein k\u00f6nnen.<\/p>\n\n\n\n<p class=\"wp-block-paragraph\">Familien bewahren ihre Vergangenheit an offensichtlichen Orten: in Fotografien, Briefen, Namen und Erinnerungsst\u00fccken.<\/p>\n\n\n\n<p class=\"wp-block-paragraph\">Doch sie tragen sie auch auf viel unauff\u00e4lligere Weise weiter: in Gesten, Gewohnheiten, Gesichtsausdr\u00fccken und vertrauten Z\u00fcgen, die Jahrzehnte sp\u00e4ter in einer neuen Generation wieder auftauchen.<\/p>\n\n\n\n<p class=\"wp-block-paragraph\">Manchmal erkennen wir diese Verbindungen selbst.<\/p>\n\n\n\n<p class=\"wp-block-paragraph\">Und manchmal braucht es jemanden auf der anderen Seite des Esstisches, der sie als Erster bemerkt.<\/p>\n\n\n\n<p class=\"wp-block-paragraph\"><\/p>\n","protected":false},"excerpt":{"rendered":"Familienessen geh\u00f6rten f\u00fcr mich schon immer zu den wenigen Traditionen, die ich auf keinen Fall verschwinden lassen wollte. Mit der Zeit werden alle \n<a class=\"moretag\" href=\"https:\/\/chch.arminfonews.ru\/?p=6745\"> [...]<\/a>","protected":false},"author":1,"featured_media":6746,"comment_status":"open","ping_status":"open","sticky":false,"template":"","format":"standard","meta":{"footnotes":""},"categories":[1],"tags":[],"class_list":["post-6745","post","type-post","status-publish","format-standard","has-post-thumbnail","hentry","category-uncategorised"],"yoast_head":"<!-- This site is optimized with the Yoast SEO plugin v28.4 - https:\/\/yoast.com\/product\/yoast-seo-wordpress\/ -->\n<title>Der Blick \u00fcber den Esstisch -<\/title>\n<meta name=\"robots\" content=\"index, follow, max-snippet:-1, max-image-preview:large, max-video-preview:-1\" \/>\n<link rel=\"canonical\" href=\"https:\/\/chch.arminfonews.ru\/?p=6745\" \/>\n<meta property=\"og:locale\" content=\"ru_RU\" \/>\n<meta property=\"og:type\" content=\"article\" \/>\n<meta property=\"og:title\" content=\"Der Blick \u00fcber den Esstisch -\" \/>\n<meta property=\"og:description\" content=\"Familienessen geh\u00f6rten f\u00fcr mich schon immer zu den wenigen Traditionen, die ich auf keinen Fall verschwinden lassen wollte. Mit der Zeit werden alle\" \/>\n<meta property=\"og:url\" content=\"https:\/\/chch.arminfonews.ru\/?p=6745\" \/>\n<meta property=\"article:published_time\" content=\"2026-09-02T05:08:29+00:00\" \/>\n<meta property=\"article:modified_time\" content=\"2026-09-02T05:08:31+00:00\" \/>\n<meta property=\"og:image\" content=\"http:\/\/chch.arminfonews.ru\/wp-content\/uploads\/2026\/09\/7859.jpg\" \/>\n\t<meta property=\"og:image:width\" content=\"355\" \/>\n\t<meta property=\"og:image:height\" content=\"403\" \/>\n\t<meta property=\"og:image:type\" content=\"image\/jpeg\" \/>\n<meta name=\"author\" content=\"admin\" \/>\n<meta name=\"twitter:card\" content=\"summary_large_image\" \/>\n<meta name=\"twitter:label1\" content=\"\u041d\u0430\u043f\u0438\u0441\u0430\u043d\u043e \u0430\u0432\u0442\u043e\u0440\u043e\u043c\" \/>\n\t<meta name=\"twitter:data1\" content=\"admin\" \/>\n\t<meta name=\"twitter:label2\" content=\"\u041f\u0440\u0438\u043c\u0435\u0440\u043d\u043e\u0435 \u0432\u0440\u0435\u043c\u044f \u0434\u043b\u044f \u0447\u0442\u0435\u043d\u0438\u044f\" \/>\n\t<meta name=\"twitter:data2\" content=\"13 \u043c\u0438\u043d\u0443\u0442\" \/>\n<script type=\"application\/ld+json\" class=\"yoast-schema-graph\">{\"@context\":\"https:\\\/\\\/schema.org\",\"@graph\":[{\"@type\":\"Article\",\"@id\":\"https:\\\/\\\/chch.arminfonews.ru\\\/?p=6745#article\",\"isPartOf\":{\"@id\":\"https:\\\/\\\/chch.arminfonews.ru\\\/?p=6745\"},\"author\":{\"name\":\"admin\",\"@id\":\"http:\\\/\\\/chch.arminfonews.ru\\\/#\\\/schema\\\/person\\\/66e5e612cc0d211a073d4fd905e953a5\"},\"headline\":\"Der Blick \u00fcber den Esstisch\",\"datePublished\":\"2026-09-02T05:08:29+00:00\",\"dateModified\":\"2026-09-02T05:08:31+00:00\",\"mainEntityOfPage\":{\"@id\":\"https:\\\/\\\/chch.arminfonews.ru\\\/?p=6745\"},\"wordCount\":2370,\"commentCount\":0,\"image\":{\"@id\":\"https:\\\/\\\/chch.arminfonews.ru\\\/?p=6745#primaryimage\"},\"thumbnailUrl\":\"https:\\\/\\\/chch.arminfonews.ru\\\/wp-content\\\/uploads\\\/2026\\\/09\\\/7859.jpg\",\"articleSection\":[\"News\"],\"inLanguage\":\"ru-RU\",\"potentialAction\":[{\"@type\":\"CommentAction\",\"name\":\"Comment\",\"target\":[\"https:\\\/\\\/chch.arminfonews.ru\\\/?p=6745#respond\"]}]},{\"@type\":\"WebPage\",\"@id\":\"https:\\\/\\\/chch.arminfonews.ru\\\/?p=6745\",\"url\":\"https:\\\/\\\/chch.arminfonews.ru\\\/?p=6745\",\"name\":\"Der Blick \u00fcber den Esstisch -\",\"isPartOf\":{\"@id\":\"http:\\\/\\\/chch.arminfonews.ru\\\/#website\"},\"primaryImageOfPage\":{\"@id\":\"https:\\\/\\\/chch.arminfonews.ru\\\/?p=6745#primaryimage\"},\"image\":{\"@id\":\"https:\\\/\\\/chch.arminfonews.ru\\\/?p=6745#primaryimage\"},\"thumbnailUrl\":\"https:\\\/\\\/chch.arminfonews.ru\\\/wp-content\\\/uploads\\\/2026\\\/09\\\/7859.jpg\",\"datePublished\":\"2026-09-02T05:08:29+00:00\",\"dateModified\":\"2026-09-02T05:08:31+00:00\",\"author\":{\"@id\":\"http:\\\/\\\/chch.arminfonews.ru\\\/#\\\/schema\\\/person\\\/66e5e612cc0d211a073d4fd905e953a5\"},\"breadcrumb\":{\"@id\":\"https:\\\/\\\/chch.arminfonews.ru\\\/?p=6745#breadcrumb\"},\"inLanguage\":\"ru-RU\",\"potentialAction\":[{\"@type\":\"ReadAction\",\"target\":[\"https:\\\/\\\/chch.arminfonews.ru\\\/?p=6745\"]}]},{\"@type\":\"ImageObject\",\"inLanguage\":\"ru-RU\",\"@id\":\"https:\\\/\\\/chch.arminfonews.ru\\\/?p=6745#primaryimage\",\"url\":\"https:\\\/\\\/chch.arminfonews.ru\\\/wp-content\\\/uploads\\\/2026\\\/09\\\/7859.jpg\",\"contentUrl\":\"https:\\\/\\\/chch.arminfonews.ru\\\/wp-content\\\/uploads\\\/2026\\\/09\\\/7859.jpg\",\"width\":355,\"height\":403},{\"@type\":\"BreadcrumbList\",\"@id\":\"https:\\\/\\\/chch.arminfonews.ru\\\/?p=6745#breadcrumb\",\"itemListElement\":[{\"@type\":\"ListItem\",\"position\":1,\"name\":\"\u0413\u043b\u0430\u0432\u043d\u0430\u044f \u0441\u0442\u0440\u0430\u043d\u0438\u0446\u0430\",\"item\":\"http:\\\/\\\/chch.arminfonews.ru\\\/\"},{\"@type\":\"ListItem\",\"position\":2,\"name\":\"Der Blick \u00fcber den Esstisch\"}]},{\"@type\":\"WebSite\",\"@id\":\"http:\\\/\\\/chch.arminfonews.ru\\\/#website\",\"url\":\"http:\\\/\\\/chch.arminfonews.ru\\\/\",\"name\":\"\",\"description\":\"\",\"potentialAction\":[{\"@type\":\"SearchAction\",\"target\":{\"@type\":\"EntryPoint\",\"urlTemplate\":\"http:\\\/\\\/chch.arminfonews.ru\\\/?s={search_term_string}\"},\"query-input\":{\"@type\":\"PropertyValueSpecification\",\"valueRequired\":true,\"valueName\":\"search_term_string\"}}],\"inLanguage\":\"ru-RU\"},{\"@type\":\"Person\",\"@id\":\"http:\\\/\\\/chch.arminfonews.ru\\\/#\\\/schema\\\/person\\\/66e5e612cc0d211a073d4fd905e953a5\",\"name\":\"admin\",\"image\":{\"@type\":\"ImageObject\",\"inLanguage\":\"ru-RU\",\"@id\":\"https:\\\/\\\/secure.gravatar.com\\\/avatar\\\/0ed435f9e4056e0930898ce78c89fa82fe18d3c798c761c71f1f33be878b3b0b?s=96&d=mm&r=g\",\"url\":\"https:\\\/\\\/secure.gravatar.com\\\/avatar\\\/0ed435f9e4056e0930898ce78c89fa82fe18d3c798c761c71f1f33be878b3b0b?s=96&d=mm&r=g\",\"contentUrl\":\"https:\\\/\\\/secure.gravatar.com\\\/avatar\\\/0ed435f9e4056e0930898ce78c89fa82fe18d3c798c761c71f1f33be878b3b0b?s=96&d=mm&r=g\",\"caption\":\"admin\"},\"sameAs\":[\"http:\\\/\\\/chch.arminfonews.ru\"],\"url\":\"https:\\\/\\\/chch.arminfonews.ru\\\/?author=1\"}]}<\/script>\n<!-- \/ Yoast SEO plugin. -->","yoast_head_json":{"title":"Der Blick \u00fcber den Esstisch -","robots":{"index":"index","follow":"follow","max-snippet":"max-snippet:-1","max-image-preview":"max-image-preview:large","max-video-preview":"max-video-preview:-1"},"canonical":"https:\/\/chch.arminfonews.ru\/?p=6745","og_locale":"ru_RU","og_type":"article","og_title":"Der Blick \u00fcber den Esstisch -","og_description":"Familienessen geh\u00f6rten f\u00fcr mich schon immer zu den wenigen Traditionen, die ich auf keinen Fall verschwinden lassen wollte. Mit der Zeit werden alle","og_url":"https:\/\/chch.arminfonews.ru\/?p=6745","article_published_time":"2026-09-02T05:08:29+00:00","article_modified_time":"2026-09-02T05:08:31+00:00","og_image":[{"width":355,"height":403,"url":"http:\/\/chch.arminfonews.ru\/wp-content\/uploads\/2026\/09\/7859.jpg","type":"image\/jpeg"}],"author":"admin","twitter_card":"summary_large_image","twitter_misc":{"\u041d\u0430\u043f\u0438\u0441\u0430\u043d\u043e \u0430\u0432\u0442\u043e\u0440\u043e\u043c":"admin","\u041f\u0440\u0438\u043c\u0435\u0440\u043d\u043e\u0435 \u0432\u0440\u0435\u043c\u044f \u0434\u043b\u044f \u0447\u0442\u0435\u043d\u0438\u044f":"13 \u043c\u0438\u043d\u0443\u0442"},"schema":{"@context":"https:\/\/schema.org","@graph":[{"@type":"Article","@id":"https:\/\/chch.arminfonews.ru\/?p=6745#article","isPartOf":{"@id":"https:\/\/chch.arminfonews.ru\/?p=6745"},"author":{"name":"admin","@id":"http:\/\/chch.arminfonews.ru\/#\/schema\/person\/66e5e612cc0d211a073d4fd905e953a5"},"headline":"Der Blick \u00fcber den Esstisch","datePublished":"2026-09-02T05:08:29+00:00","dateModified":"2026-09-02T05:08:31+00:00","mainEntityOfPage":{"@id":"https:\/\/chch.arminfonews.ru\/?p=6745"},"wordCount":2370,"commentCount":0,"image":{"@id":"https:\/\/chch.arminfonews.ru\/?p=6745#primaryimage"},"thumbnailUrl":"https:\/\/chch.arminfonews.ru\/wp-content\/uploads\/2026\/09\/7859.jpg","articleSection":["News"],"inLanguage":"ru-RU","potentialAction":[{"@type":"CommentAction","name":"Comment","target":["https:\/\/chch.arminfonews.ru\/?p=6745#respond"]}]},{"@type":"WebPage","@id":"https:\/\/chch.arminfonews.ru\/?p=6745","url":"https:\/\/chch.arminfonews.ru\/?p=6745","name":"Der Blick \u00fcber den Esstisch -","isPartOf":{"@id":"http:\/\/chch.arminfonews.ru\/#website"},"primaryImageOfPage":{"@id":"https:\/\/chch.arminfonews.ru\/?p=6745#primaryimage"},"image":{"@id":"https:\/\/chch.arminfonews.ru\/?p=6745#primaryimage"},"thumbnailUrl":"https:\/\/chch.arminfonews.ru\/wp-content\/uploads\/2026\/09\/7859.jpg","datePublished":"2026-09-02T05:08:29+00:00","dateModified":"2026-09-02T05:08:31+00:00","author":{"@id":"http:\/\/chch.arminfonews.ru\/#\/schema\/person\/66e5e612cc0d211a073d4fd905e953a5"},"breadcrumb":{"@id":"https:\/\/chch.arminfonews.ru\/?p=6745#breadcrumb"},"inLanguage":"ru-RU","potentialAction":[{"@type":"ReadAction","target":["https:\/\/chch.arminfonews.ru\/?p=6745"]}]},{"@type":"ImageObject","inLanguage":"ru-RU","@id":"https:\/\/chch.arminfonews.ru\/?p=6745#primaryimage","url":"https:\/\/chch.arminfonews.ru\/wp-content\/uploads\/2026\/09\/7859.jpg","contentUrl":"https:\/\/chch.arminfonews.ru\/wp-content\/uploads\/2026\/09\/7859.jpg","width":355,"height":403},{"@type":"BreadcrumbList","@id":"https:\/\/chch.arminfonews.ru\/?p=6745#breadcrumb","itemListElement":[{"@type":"ListItem","position":1,"name":"\u0413\u043b\u0430\u0432\u043d\u0430\u044f \u0441\u0442\u0440\u0430\u043d\u0438\u0446\u0430","item":"http:\/\/chch.arminfonews.ru\/"},{"@type":"ListItem","position":2,"name":"Der Blick \u00fcber den Esstisch"}]},{"@type":"WebSite","@id":"http:\/\/chch.arminfonews.ru\/#website","url":"http:\/\/chch.arminfonews.ru\/","name":"","description":"","potentialAction":[{"@type":"SearchAction","target":{"@type":"EntryPoint","urlTemplate":"http:\/\/chch.arminfonews.ru\/?s={search_term_string}"},"query-input":{"@type":"PropertyValueSpecification","valueRequired":true,"valueName":"search_term_string"}}],"inLanguage":"ru-RU"},{"@type":"Person","@id":"http:\/\/chch.arminfonews.ru\/#\/schema\/person\/66e5e612cc0d211a073d4fd905e953a5","name":"admin","image":{"@type":"ImageObject","inLanguage":"ru-RU","@id":"https:\/\/secure.gravatar.com\/avatar\/0ed435f9e4056e0930898ce78c89fa82fe18d3c798c761c71f1f33be878b3b0b?s=96&d=mm&r=g","url":"https:\/\/secure.gravatar.com\/avatar\/0ed435f9e4056e0930898ce78c89fa82fe18d3c798c761c71f1f33be878b3b0b?s=96&d=mm&r=g","contentUrl":"https:\/\/secure.gravatar.com\/avatar\/0ed435f9e4056e0930898ce78c89fa82fe18d3c798c761c71f1f33be878b3b0b?s=96&d=mm&r=g","caption":"admin"},"sameAs":["http:\/\/chch.arminfonews.ru"],"url":"https:\/\/chch.arminfonews.ru\/?author=1"}]}},"_links":{"self":[{"href":"https:\/\/chch.arminfonews.ru\/index.php?rest_route=\/wp\/v2\/posts\/6745","targetHints":{"allow":["GET"]}}],"collection":[{"href":"https:\/\/chch.arminfonews.ru\/index.php?rest_route=\/wp\/v2\/posts"}],"about":[{"href":"https:\/\/chch.arminfonews.ru\/index.php?rest_route=\/wp\/v2\/types\/post"}],"author":[{"embeddable":true,"href":"https:\/\/chch.arminfonews.ru\/index.php?rest_route=\/wp\/v2\/users\/1"}],"replies":[{"embeddable":true,"href":"https:\/\/chch.arminfonews.ru\/index.php?rest_route=%2Fwp%2Fv2%2Fcomments&post=6745"}],"version-history":[{"count":1,"href":"https:\/\/chch.arminfonews.ru\/index.php?rest_route=\/wp\/v2\/posts\/6745\/revisions"}],"predecessor-version":[{"id":6747,"href":"https:\/\/chch.arminfonews.ru\/index.php?rest_route=\/wp\/v2\/posts\/6745\/revisions\/6747"}],"wp:featuredmedia":[{"embeddable":true,"href":"https:\/\/chch.arminfonews.ru\/index.php?rest_route=\/wp\/v2\/media\/6746"}],"wp:attachment":[{"href":"https:\/\/chch.arminfonews.ru\/index.php?rest_route=%2Fwp%2Fv2%2Fmedia&parent=6745"}],"wp:term":[{"taxonomy":"category","embeddable":true,"href":"https:\/\/chch.arminfonews.ru\/index.php?rest_route=%2Fwp%2Fv2%2Fcategories&post=6745"},{"taxonomy":"post_tag","embeddable":true,"href":"https:\/\/chch.arminfonews.ru\/index.php?rest_route=%2Fwp%2Fv2%2Ftags&post=6745"}],"curies":[{"name":"wp","href":"https:\/\/api.w.org\/{rel}","templated":true}]}}