{"id":6779,"date":"2026-09-03T21:12:06","date_gmt":"2026-09-03T20:12:06","guid":{"rendered":"https:\/\/chch.arminfonews.ru\/?p=6779"},"modified":"2026-09-03T21:12:08","modified_gmt":"2026-09-03T20:12:08","slug":"jenseits-der-filter-warum-naturliche-promi-fotos-wichtig-sind","status":"publish","type":"post","link":"https:\/\/chch.arminfonews.ru\/?p=6779","title":{"rendered":"Jenseits der Filter: Warum nat\u00fcrliche Promi-Fotos wichtig sind"},"content":{"rendered":"\n<p class=\"wp-block-paragraph\">Seit Jahrzehnten lebt die Welt der Prominenten von sorgf\u00e4ltig inszenierten Bildern. Magazincover werden professionell ausgeleuchtet, Auftritte auf dem roten Teppich bis ins kleinste Detail vorbereitet, und Fotos f\u00fcr soziale Netzwerke durchlaufen oft mehrere Auswahl- und Bearbeitungsschritte, bevor die \u00d6ffentlichkeit sie \u00fcberhaupt zu Gesicht bekommt.<\/p>\n\n\n\n<p class=\"wp-block-paragraph\">Genau deshalb kann ein einfaches, offenbar unbearbeitetes Foto eines ber\u00fchmten Menschen manchmal mehr Aufmerksamkeit erregen als ein aufwendiges professionelles Fotoshooting.<\/p>\n\n\n\n<figure class=\"wp-block-image size-large\"><img loading=\"lazy\" decoding=\"async\" width=\"1024\" height=\"538\" src=\"http:\/\/chch.arminfonews.ru\/wp-content\/uploads\/2026\/09\/25410-1024x538.png\" alt=\"\" class=\"wp-image-6780\" srcset=\"https:\/\/chch.arminfonews.ru\/wp-content\/uploads\/2026\/09\/25410-1024x538.png 1024w, https:\/\/chch.arminfonews.ru\/wp-content\/uploads\/2026\/09\/25410-300x158.png 300w, https:\/\/chch.arminfonews.ru\/wp-content\/uploads\/2026\/09\/25410-768x404.png 768w, https:\/\/chch.arminfonews.ru\/wp-content\/uploads\/2026\/09\/25410-1536x807.png 1536w, https:\/\/chch.arminfonews.ru\/wp-content\/uploads\/2026\/09\/25410.png 1730w\" sizes=\"auto, (max-width: 1024px) 100vw, 1024px\" \/><\/figure>\n\n\n\n<p class=\"wp-block-paragraph\">Ein Bild, das im Internet als Aufnahme einer 55-j\u00e4hrigen Ber\u00fchmtheit ohne Make-up, Filter oder Studiobeleuchtung beschrieben wurde, l\u00f6ste eine breite Diskussion aus. Dabei ging es l\u00e4ngst nicht nur um das Aussehen einer einzelnen Person. Vielmehr stellte sich eine gr\u00f6\u00dfere Frage: Wie viel hat die glamour\u00f6se Welt der Unterhaltung tats\u00e4chlich mit dem nat\u00fcrlichen Aussehen eines Menschen zu tun?<\/p>\n\n\n\n<p class=\"wp-block-paragraph\">Da das Ausgangsmaterial weder den Namen der abgebildeten Person nennt noch \u00fcberpr\u00fcfbare Angaben dar\u00fcber enth\u00e4lt, wann und unter welchen Umst\u00e4nden das Foto entstanden ist, sollten Behauptungen \u00fcber ihre Identit\u00e4t oder die Hintergr\u00fcnde der Aufnahme mit Vorsicht betrachtet werden. Sehr wohl l\u00e4sst sich jedoch untersuchen, warum nat\u00fcrliche Fotos von Prominenten regelm\u00e4\u00dfig so starke Reaktionen hervorrufen.<\/p>\n\n\n\n<h2 class=\"wp-block-heading\">Das \u00f6ffentliche Bild ist meist sorgf\u00e4ltig inszeniert<\/h2>\n\n\n\n<p class=\"wp-block-paragraph\">Professionelle Prominentenfotografie entsteht nur selten v\u00f6llig spontan.<\/p>\n\n\n\n<p class=\"wp-block-paragraph\">Vor wichtigen \u00f6ffentlichen Auftritten arbeiten Stars h\u00e4ufig mit Friseuren, Visagisten, Stylisten und weiteren Fachleuten zusammen. Fotografen w\u00e4hlen anschlie\u00dfend Objektive, Perspektiven und Lichtverh\u00e4ltnisse, die eine bestimmte Wirkung erzeugen sollen. Danach k\u00f6nnen Helligkeit, Kontrast, Farben und andere Elemente angepasst werden.<\/p>\n\n\n\n<p class=\"wp-block-paragraph\">Das bedeutet nicht automatisch T\u00e4uschung. Inszenierung geh\u00f6rt seit jeher zur professionellen Fotografie. Beleuchtung und Bildkomposition waren schon lange vor der digitalen Bildbearbeitung entscheidend.<\/p>\n\n\n\n<p class=\"wp-block-paragraph\">Problematisch wird es erst, wenn das Publikum vergisst, wie viel Vorbereitung hinter einem fertigen Bild steckt.<\/p>\n\n\n\n<p class=\"wp-block-paragraph\">Ein Foto auf einem Magazincover ist nicht einfach eine zuf\u00e4llige Momentaufnahme eines Gesichts. Es ist normalerweise das Ergebnis zahlreicher bewusster Entscheidungen. Wird ein solches Bild mit einem allt\u00e4glichen Foto bei nat\u00fcrlichem oder ung\u00fcnstigem Licht verglichen, kann der Unterschied enorm erscheinen, obwohl sich die betreffende Person m\u00f6glicherweise kaum ver\u00e4ndert hat.<\/p>\n\n\n\n<p class=\"wp-block-paragraph\">Soziale Medien haben diese Grenze zus\u00e4tzlich verwischt.<\/p>\n\n\n\n<p class=\"wp-block-paragraph\">Filter und Korrekturen, f\u00fcr die fr\u00fcher professionelle Programme notwendig waren, lassen sich heute innerhalb weniger Sekunden anwenden. Haut kann glatter erscheinen, Gesichtsz\u00fcge k\u00f6nnen dezent ver\u00e4ndert und Lichtverh\u00e4ltnisse verbessert werden, bevor ein Bild ver\u00f6ffentlicht wird.<\/p>\n\n\n\n<p class=\"wp-block-paragraph\">Diese M\u00f6glichkeiten sind inzwischen so allt\u00e4glich geworden, dass viele Menschen kaum noch bewusst wahrnehmen, wie stark manche Bilder ver\u00e4ndert wurden.<\/p>\n\n\n\n<h2 class=\"wp-block-heading\">Warum ein gew\u00f6hnliches Foto pl\u00f6tzlich schockierend wirkt<\/h2>\n\n\n\n<p class=\"wp-block-paragraph\">Besonders aufschlussreich ist die Sprache, die h\u00e4ufig verwendet wird, wenn ein ungesch\u00f6ntes Foto eines Stars auftaucht.<\/p>\n\n\n\n<p class=\"wp-block-paragraph\">Solche Aufnahmen werden schnell als \u201eschockierend\u201c oder \u201ekaum wiederzuerkennen\u201c bezeichnet. Doch manchmal liegt die eigentliche \u00dcberraschung gar nicht im Aussehen des Prominenten. Vielmehr entsteht sie durch den Unterschied zwischen einem normalen menschlichen Gesicht und der perfektionierten Version, die das Publikum \u00fcber Jahre hinweg gesehen hat.<\/p>\n\n\n\n<p class=\"wp-block-paragraph\">Menschliche Haut besitzt Struktur. Gesichter entwickeln Falten und Linien. Haare ver\u00e4ndern sich. Licht erzeugt Schatten. Selbst unterschiedliche Gesichtsausdr\u00fccke k\u00f6nnen das Erscheinungsbild innerhalb weniger Sekunden deutlich ver\u00e4ndern.<\/p>\n\n\n\n<p class=\"wp-block-paragraph\">All das geh\u00f6rt zum normalen menschlichen Leben. Dennoch k\u00f6nnen jahrzehntelang verbreitete Hochglanzbilder dazu f\u00fchren, dass nat\u00fcrliche Zeichen des \u00c4lterwerdens pl\u00f6tzlich ungew\u00f6hnlich erscheinen.<\/p>\n\n\n\n<p class=\"wp-block-paragraph\">Besonders deutlich zeigt sich das bei Stars, die bereits in jungen Jahren ber\u00fchmt wurden. Viele Menschen behalten unbewusst das Bild eines Schauspielers, S\u00e4ngers oder Fernsehstars aus jener Zeit im Ged\u00e4chtnis, in der die Person ihren gro\u00dfen Durchbruch hatte.<\/p>\n\n\n\n<p class=\"wp-block-paragraph\">Zwanzig oder drei\u00dfig Jahre sp\u00e4ter ist dieses alte Bild m\u00f6glicherweise immer noch fest mit der Person verbunden.<\/p>\n\n\n\n<p class=\"wp-block-paragraph\">Dann erscheint pl\u00f6tzlich ein aktuelles Alltagsfoto.<\/p>\n\n\n\n<p class=\"wp-block-paragraph\">Und auf einmal vergleichen viele Betrachter einen 55-j\u00e4hrigen Menschen nicht mit anderen Menschen desselben Alters, sondern mit einem professionellen Foto, das m\u00f6glicherweise Jahrzehnte zuvor unter idealen Bedingungen aufgenommen wurde.<\/p>\n\n\n\n<p class=\"wp-block-paragraph\">Ein solcher Vergleich kann kaum fair sein.<\/p>\n\n\n\n<h2 class=\"wp-block-heading\">Altern wird f\u00fcr Prominente zur \u00f6ffentlichen Angelegenheit<\/h2>\n\n\n\n<p class=\"wp-block-paragraph\">Ber\u00fchmte Menschen erleben etwas, das den meisten anderen erspart bleibt: Millionen Fremde k\u00f6nnen beobachten, dokumentieren und kommentieren, wie sie \u00e4lter werden.<\/p>\n\n\n\n<p class=\"wp-block-paragraph\">Fast jede sichtbare Ver\u00e4nderung kann Spekulationen ausl\u00f6sen.<\/p>\n\n\n\n<p class=\"wp-block-paragraph\">Sieht ein Star ungew\u00f6hnlich jung aus, wird m\u00f6glicherweise \u00fcber kosmetische Eingriffe diskutiert. Erscheint dieselbe Person auf einem anderen Foto m\u00fcde oder \u00e4lter, folgen wiederum Kommentare \u00fcber den vermeintlich drastischen Wandel.<\/p>\n\n\n\n<p class=\"wp-block-paragraph\">Die Erwartungen widersprechen sich dabei h\u00e4ufig.<\/p>\n\n\n\n<p class=\"wp-block-paragraph\">Prominente werden einerseits kritisiert, wenn sie k\u00fcnstlich jugendlich erscheinen. Andererseits werden sie ebenfalls kritisiert, wenn nat\u00fcrliche Alterserscheinungen sichtbar werden. Das Publikum fordert also Authentizit\u00e4t und erwartet gleichzeitig Perfektion.<\/p>\n\n\n\n<p class=\"wp-block-paragraph\">Besonders Frauen im Unterhaltungsgesch\u00e4ft waren historisch einem starken Druck bez\u00fcglich ihres Aussehens ausgesetzt, auch wenn inzwischen m\u00e4nnliche Prominente zunehmend \u00e4hnliche Erfahrungen machen.<\/p>\n\n\n\n<p class=\"wp-block-paragraph\">So entsteht eine merkw\u00fcrdige Situation: Ein v\u00f6llig nat\u00fcrlicher biologischer Vorgang wie das \u00c4lterwerden wird pl\u00f6tzlich zu etwas, das eine ber\u00fchmte Person \u00f6ffentlich erkl\u00e4ren oder rechtfertigen soll.<\/p>\n\n\n\n<h2 class=\"wp-block-heading\">Auch eine unbearbeitete Kameraaufnahme zeigt nicht die ganze Wahrheit<\/h2>\n\n\n\n<p class=\"wp-block-paragraph\">Bei Diskussionen \u00fcber virale Fotos wird h\u00e4ufig ein weiterer wichtiger Punkt vergessen: Selbst ein unbearbeitetes Bild ist nicht automatisch eine vollkommen objektive Darstellung des Aussehens eines Menschen.<\/p>\n\n\n\n<p class=\"wp-block-paragraph\">Fotografie h\u00e4ngt stark von den Umst\u00e4nden ab.<\/p>\n\n\n\n<p class=\"wp-block-paragraph\">Eine sehr nahe Kameraperspektive kann bestimmte Gesichtsz\u00fcge st\u00e4rker erscheinen lassen. Hartes Licht von oben betont Schatten und Hautstrukturen. Ein Foto, das genau w\u00e4hrend des Sprechens oder Blinzelns aufgenommen wurde, kann v\u00f6llig anders wirken als eine Aufnahme, die nur wenige Sekunden sp\u00e4ter entsteht.<\/p>\n\n\n\n<p class=\"wp-block-paragraph\">Professionelle Fotografen kennen diese Effekte sehr genau.<\/p>\n\n\n\n<p class=\"wp-block-paragraph\">Deshalb k\u00f6nnen zwei Fotos derselben Person, die am selben Tag aufgenommen wurden, einen v\u00f6llig unterschiedlichen Eindruck vermitteln, ohne dass eines davon digital manipuliert wurde.<\/p>\n\n\n\n<p class=\"wp-block-paragraph\">Die Behauptung, ein einziges spontanes Foto zeige endlich das \u201ewahre Gesicht\u201c eines Menschen, ist daher problematisch.<\/p>\n\n\n\n<p class=\"wp-block-paragraph\">Ein professionelles Portr\u00e4t ist real. Ein spontanes Alltagsfoto ist ebenfalls real. Doch keines dieser Bilder zeigt s\u00e4mtliche Facetten davon, wie ein Mensch tats\u00e4chlich aussieht.<\/p>\n\n\n\n<p class=\"wp-block-paragraph\">Die sinnvollere Erkenntnis lautet: Das menschliche Erscheinungsbild ist ver\u00e4nderlich.<\/p>\n\n\n\n<h2 class=\"wp-block-heading\">Soziale Medien belohnen extreme Reaktionen<\/h2>\n\n\n\n<p class=\"wp-block-paragraph\">Die enorme Aufmerksamkeit f\u00fcr nat\u00fcrliche Prominentenfotos sagt auch viel \u00fcber die Funktionsweise moderner Onlineplattformen aus.<\/p>\n\n\n\n<p class=\"wp-block-paragraph\">N\u00fcchterne Beobachtungen verbreiten sich selten so schnell wie dramatische Aussagen.<\/p>\n\n\n\n<p class=\"wp-block-paragraph\">Eine \u00dcberschrift, die lediglich erkl\u00e4rt, dass ein Prominenter auf einem Alltagsfoto vollkommen normal aussieht, erzeugt wahrscheinlich nur wenig Neugier. Die Behauptung, dass das Publikum etwas Unglaubliches oder \u00dcberraschendes entdecken werde, zieht deutlich mehr Aufmerksamkeit auf sich.<\/p>\n\n\n\n<p class=\"wp-block-paragraph\">Sobald sich ein Bild verbreitet, verst\u00e4rken Kommentare diesen Effekt.<\/p>\n\n\n\n<p class=\"wp-block-paragraph\">Eine Person zeigt sich \u00fcberrascht. Eine andere widerspricht. Jemand vergleicht die Aufnahme mit \u00e4lteren Bildern. Schon bald geht es nicht mehr ausschlie\u00dflich um das urspr\u00fcngliche Foto, sondern um Alter, Sch\u00f6nheitsideale, kosmetische Eingriffe, Fotografie und die gesamte Prominentenkultur.<\/p>\n\n\n\n<p class=\"wp-block-paragraph\">So k\u00f6nnen scheinbar belanglose Aufnahmen zu gro\u00dfen Diskussionsthemen werden.<\/p>\n\n\n\n<p class=\"wp-block-paragraph\">Sie bieten eine Projektionsfl\u00e4che f\u00fcr wesentlich umfassendere Vorstellungen \u00fcber Attraktivit\u00e4t, Authentizit\u00e4t und das \u00c4lterwerden.<\/p>\n\n\n\n<h2 class=\"wp-block-heading\">Der Druck betrifft nicht nur Stars<\/h2>\n\n\n\n<p class=\"wp-block-paragraph\">Der vielleicht wichtigste Aspekt dieser Diskussion betrifft Menschen, die \u00fcberhaupt nicht ber\u00fchmt sind.<\/p>\n\n\n\n<p class=\"wp-block-paragraph\">Sch\u00f6nheitsideale aus Film, Fernsehen, Werbung und sozialen Medien beeinflussen irgendwann auch die Erwartungen des Alltags.<\/p>\n\n\n\n<p class=\"wp-block-paragraph\">Wer st\u00e4ndig sorgf\u00e4ltig ausgew\u00e4hlte und optimierte Gesichter sieht, kann solche Bilder unbewusst als Ma\u00dfstab daf\u00fcr \u00fcbernehmen, wie ein \u201enormales\u201c Aussehen angeblich sein sollte.<\/p>\n\n\n\n<p class=\"wp-block-paragraph\">Doch dieser Vergleich ist von Anfang an unausgewogen.<\/p>\n\n\n\n<p class=\"wp-block-paragraph\">Ein gew\u00f6hnlicher Mensch, der morgens in den Badezimmerspiegel schaut, vergleicht sich m\u00f6glicherweise bewusst oder unbewusst mit einer ber\u00fchmten Person, die nach umfangreicher Vorbereitung unter professionellen Bedingungen fotografiert wurde.<\/p>\n\n\n\n<p class=\"wp-block-paragraph\">Durch soziale Medien ist dieser Mechanismus l\u00e4ngst Teil unseres eigenen Alltags geworden. Menschen k\u00f6nnen ihre Selbstdarstellung heute beinahe wie kleine Medienunternehmen organisieren: Sie w\u00e4hlen das beste Bild aus Dutzenden Aufnahmen, korrigieren die Beleuchtung, verwenden Filter und ver\u00f6ffentlichen ausschlie\u00dflich jene Momente, die sie anderen zeigen m\u00f6chten.<\/p>\n\n\n\n<p class=\"wp-block-paragraph\">Dadurch wird es immer schwieriger zu erkennen, wo nat\u00fcrliche Darstellung endet und k\u00fcnstliche Perfektion beginnt.<\/p>\n\n\n\n<h2 class=\"wp-block-heading\">Warum nat\u00fcrliche Bilder trotzdem wertvoll sein k\u00f6nnen<\/h2>\n\n\n\n<p class=\"wp-block-paragraph\">Ungesch\u00f6nte Fotos k\u00f6nnen deshalb durchaus einen positiven Effekt haben \u2013 vorausgesetzt, sie werden respektvoll betrachtet und ver\u00f6ffentlicht.<\/p>\n\n\n\n<p class=\"wp-block-paragraph\">Sie erinnern daran, dass auch ber\u00fchmte Menschen ganz gew\u00f6hnliche menschliche Eigenschaften besitzen. Sie altern. Ihr Aussehen ver\u00e4ndert sich abh\u00e4ngig von Licht, M\u00fcdigkeit, Gesichtsausdruck und Situation. Niemand sieht rund um die Uhr so aus wie auf einem professionellen Werbefoto.<\/p>\n\n\n\n<p class=\"wp-block-paragraph\">Das sollte nicht als Enth\u00fcllung eines vermeintlichen Makels verstanden werden.<\/p>\n\n\n\n<p class=\"wp-block-paragraph\">Viel interessanter ist die Frage, warum normale menschliche Merkmale \u00fcberhaupt \u00fcberraschend genug geworden sind, um Schlagzeilen zu produzieren.<\/p>\n\n\n\n<p class=\"wp-block-paragraph\">Ein Mensch mit 55 Jahren muss nicht genauso aussehen wie mit 25. \u00c4lterwerden bedeutet nicht, dass etwas schiefgelaufen ist. Es bedeutet schlicht, dass Zeit vergangen ist.<\/p>\n\n\n\n<p class=\"wp-block-paragraph\">Das gilt unabh\u00e4ngig davon, ob jemand ber\u00fchmt ist oder nicht.<\/p>\n\n\n\n<p class=\"wp-block-paragraph\">Gleichzeitig besteht ein wichtiger Unterschied zwischen dem Interesse an Authentizit\u00e4t und dem Versuch, jemanden mithilfe eines unvorteilhaften Fotos l\u00e4cherlich zu machen. \u00d6ffentliche Bekanntheit nimmt einem Menschen nicht seine W\u00fcrde.<\/p>\n\n\n\n<p class=\"wp-block-paragraph\">Ein Foto kann durchaus eine sinnvolle Diskussion \u00fcber unrealistische Sch\u00f6nheitsideale ausl\u00f6sen, ohne dass Gesicht oder K\u00f6rper der abgebildeten Person zum Ziel von Spott werden m\u00fcssen.<\/p>\n\n\n\n<h2 class=\"wp-block-heading\">Eine andere Vorstellung von Authentizit\u00e4t<\/h2>\n\n\n\n<p class=\"wp-block-paragraph\">Die Welt der Stars wird wahrscheinlich niemals auf Glamour verzichten. Filme, Modekampagnen, Preisverleihungen und Werbung leben teilweise von Inszenierung, Fantasie und au\u00dfergew\u00f6hnlicher Pr\u00e4sentation. Daran ist grunds\u00e4tzlich nichts falsch.<\/p>\n\n\n\n<p class=\"wp-block-paragraph\">Schwierig wird es erst, wenn diese Inszenierung mit dem normalen Alltag verwechselt wird.<\/p>\n\n\n\n<p class=\"wp-block-paragraph\">Die Faszination f\u00fcr angeblich v\u00f6llig unbearbeitete Prominentenfotos zeigt vor allem, wie sehr sich die Gesellschaft an perfektionierte Bilder gew\u00f6hnt hat. Wenn nat\u00fcrliche Haut, Alterszeichen und gew\u00f6hnliche Lichtverh\u00e4ltnisse pl\u00f6tzlich bemerkenswert erscheinen, sagt die Reaktion mindestens ebenso viel \u00fcber unsere Erwartungen aus wie \u00fcber die fotografierte Person.<\/p>\n\n\n\n<p class=\"wp-block-paragraph\">Vielleicht liegt genau darin die wichtigste Erkenntnis solcher viralen Momente.<\/p>\n\n\n\n<p class=\"wp-block-paragraph\">Der entscheidende Gegensatz besteht nicht zwischen Sch\u00f6nheit und Unvollkommenheit. Es geht vielmehr um den Unterschied zwischen einem sorgf\u00e4ltig aufgebauten \u00f6ffentlichen Image und den unz\u00e4hligen Arten, wie ein echter Mensch im Alltag aussehen kann.<\/p>\n\n\n\n<p class=\"wp-block-paragraph\">Ein glamour\u00f6ses Foto kann sch\u00f6n sein. Ein nat\u00fcrliches Foto kann ebenfalls sch\u00f6n sein.<\/p>\n\n\n\n<p class=\"wp-block-paragraph\">Das eine muss das andere nicht widerlegen.<\/p>\n\n\n\n<p class=\"wp-block-paragraph\">Und vielleicht w\u00e4re die angemessenste Reaktion auf das ungesch\u00f6nte Bild eines ber\u00fchmten Menschen deshalb keine \u00dcberraschung, sondern eine einfache Erkenntnis: Hinter Scheinwerfern, Kameras und perfekt vorbereiteten Aufnahmen befindet sich letztlich ein Mensch, der in derselben Welt \u00e4lter wird wie wir alle.<\/p>\n\n\n\n<p class=\"wp-block-paragraph\"><\/p>\n","protected":false},"excerpt":{"rendered":"Seit Jahrzehnten lebt die Welt der Prominenten von sorgf\u00e4ltig inszenierten Bildern. Magazincover werden professionell ausgeleuchtet, Auftritte auf dem roten Teppich bis ins kleinste \n<a class=\"moretag\" href=\"https:\/\/chch.arminfonews.ru\/?p=6779\"> [...]<\/a>","protected":false},"author":1,"featured_media":6780,"comment_status":"open","ping_status":"open","sticky":false,"template":"","format":"standard","meta":{"footnotes":""},"categories":[1],"tags":[],"class_list":["post-6779","post","type-post","status-publish","format-standard","has-post-thumbnail","hentry","category-uncategorised"],"yoast_head":"<!-- This site is optimized with the Yoast SEO plugin v28.4 - https:\/\/yoast.com\/product\/yoast-seo-wordpress\/ -->\n<title>Jenseits der Filter: Warum nat\u00fcrliche Promi-Fotos wichtig sind -<\/title>\n<meta name=\"robots\" content=\"index, follow, max-snippet:-1, max-image-preview:large, max-video-preview:-1\" \/>\n<link rel=\"canonical\" href=\"https:\/\/chch.arminfonews.ru\/?p=6779\" \/>\n<meta property=\"og:locale\" content=\"ru_RU\" \/>\n<meta property=\"og:type\" content=\"article\" \/>\n<meta property=\"og:title\" content=\"Jenseits der Filter: Warum nat\u00fcrliche Promi-Fotos wichtig sind -\" \/>\n<meta property=\"og:description\" content=\"Seit Jahrzehnten lebt die Welt der Prominenten von sorgf\u00e4ltig inszenierten Bildern. Magazincover werden professionell ausgeleuchtet, Auftritte auf dem roten Teppich bis ins kleinste\" \/>\n<meta property=\"og:url\" content=\"https:\/\/chch.arminfonews.ru\/?p=6779\" \/>\n<meta property=\"article:published_time\" content=\"2026-09-03T20:12:06+00:00\" \/>\n<meta property=\"article:modified_time\" content=\"2026-09-03T20:12:08+00:00\" \/>\n<meta property=\"og:image\" content=\"http:\/\/chch.arminfonews.ru\/wp-content\/uploads\/2026\/09\/25410-1024x538.png\" \/>\n\t<meta property=\"og:image:width\" content=\"1024\" \/>\n\t<meta property=\"og:image:height\" content=\"538\" \/>\n\t<meta property=\"og:image:type\" content=\"image\/png\" \/>\n<meta name=\"author\" content=\"admin\" \/>\n<meta name=\"twitter:card\" content=\"summary_large_image\" \/>\n<meta name=\"twitter:label1\" content=\"\u041d\u0430\u043f\u0438\u0441\u0430\u043d\u043e \u0430\u0432\u0442\u043e\u0440\u043e\u043c\" \/>\n\t<meta name=\"twitter:data1\" content=\"admin\" \/>\n\t<meta name=\"twitter:label2\" content=\"\u041f\u0440\u0438\u043c\u0435\u0440\u043d\u043e\u0435 \u0432\u0440\u0435\u043c\u044f \u0434\u043b\u044f \u0447\u0442\u0435\u043d\u0438\u044f\" \/>\n\t<meta name=\"twitter:data2\" content=\"9 \u043c\u0438\u043d\u0443\u0442\" \/>\n<script type=\"application\/ld+json\" class=\"yoast-schema-graph\">{\"@context\":\"https:\\\/\\\/schema.org\",\"@graph\":[{\"@type\":\"Article\",\"@id\":\"https:\\\/\\\/chch.arminfonews.ru\\\/?p=6779#article\",\"isPartOf\":{\"@id\":\"https:\\\/\\\/chch.arminfonews.ru\\\/?p=6779\"},\"author\":{\"name\":\"admin\",\"@id\":\"http:\\\/\\\/chch.arminfonews.ru\\\/#\\\/schema\\\/person\\\/66e5e612cc0d211a073d4fd905e953a5\"},\"headline\":\"Jenseits der Filter: Warum nat\u00fcrliche Promi-Fotos wichtig sind\",\"datePublished\":\"2026-09-03T20:12:06+00:00\",\"dateModified\":\"2026-09-03T20:12:08+00:00\",\"mainEntityOfPage\":{\"@id\":\"https:\\\/\\\/chch.arminfonews.ru\\\/?p=6779\"},\"wordCount\":1749,\"commentCount\":0,\"image\":{\"@id\":\"https:\\\/\\\/chch.arminfonews.ru\\\/?p=6779#primaryimage\"},\"thumbnailUrl\":\"https:\\\/\\\/chch.arminfonews.ru\\\/wp-content\\\/uploads\\\/2026\\\/09\\\/25410.png\",\"articleSection\":[\"News\"],\"inLanguage\":\"ru-RU\",\"potentialAction\":[{\"@type\":\"CommentAction\",\"name\":\"Comment\",\"target\":[\"https:\\\/\\\/chch.arminfonews.ru\\\/?p=6779#respond\"]}]},{\"@type\":\"WebPage\",\"@id\":\"https:\\\/\\\/chch.arminfonews.ru\\\/?p=6779\",\"url\":\"https:\\\/\\\/chch.arminfonews.ru\\\/?p=6779\",\"name\":\"Jenseits der Filter: Warum nat\u00fcrliche Promi-Fotos wichtig sind -\",\"isPartOf\":{\"@id\":\"http:\\\/\\\/chch.arminfonews.ru\\\/#website\"},\"primaryImageOfPage\":{\"@id\":\"https:\\\/\\\/chch.arminfonews.ru\\\/?p=6779#primaryimage\"},\"image\":{\"@id\":\"https:\\\/\\\/chch.arminfonews.ru\\\/?p=6779#primaryimage\"},\"thumbnailUrl\":\"https:\\\/\\\/chch.arminfonews.ru\\\/wp-content\\\/uploads\\\/2026\\\/09\\\/25410.png\",\"datePublished\":\"2026-09-03T20:12:06+00:00\",\"dateModified\":\"2026-09-03T20:12:08+00:00\",\"author\":{\"@id\":\"http:\\\/\\\/chch.arminfonews.ru\\\/#\\\/schema\\\/person\\\/66e5e612cc0d211a073d4fd905e953a5\"},\"breadcrumb\":{\"@id\":\"https:\\\/\\\/chch.arminfonews.ru\\\/?p=6779#breadcrumb\"},\"inLanguage\":\"ru-RU\",\"potentialAction\":[{\"@type\":\"ReadAction\",\"target\":[\"https:\\\/\\\/chch.arminfonews.ru\\\/?p=6779\"]}]},{\"@type\":\"ImageObject\",\"inLanguage\":\"ru-RU\",\"@id\":\"https:\\\/\\\/chch.arminfonews.ru\\\/?p=6779#primaryimage\",\"url\":\"https:\\\/\\\/chch.arminfonews.ru\\\/wp-content\\\/uploads\\\/2026\\\/09\\\/25410.png\",\"contentUrl\":\"https:\\\/\\\/chch.arminfonews.ru\\\/wp-content\\\/uploads\\\/2026\\\/09\\\/25410.png\",\"width\":1730,\"height\":909},{\"@type\":\"BreadcrumbList\",\"@id\":\"https:\\\/\\\/chch.arminfonews.ru\\\/?p=6779#breadcrumb\",\"itemListElement\":[{\"@type\":\"ListItem\",\"position\":1,\"name\":\"\u0413\u043b\u0430\u0432\u043d\u0430\u044f \u0441\u0442\u0440\u0430\u043d\u0438\u0446\u0430\",\"item\":\"http:\\\/\\\/chch.arminfonews.ru\\\/\"},{\"@type\":\"ListItem\",\"position\":2,\"name\":\"Jenseits der Filter: Warum nat\u00fcrliche Promi-Fotos wichtig sind\"}]},{\"@type\":\"WebSite\",\"@id\":\"http:\\\/\\\/chch.arminfonews.ru\\\/#website\",\"url\":\"http:\\\/\\\/chch.arminfonews.ru\\\/\",\"name\":\"\",\"description\":\"\",\"potentialAction\":[{\"@type\":\"SearchAction\",\"target\":{\"@type\":\"EntryPoint\",\"urlTemplate\":\"http:\\\/\\\/chch.arminfonews.ru\\\/?s={search_term_string}\"},\"query-input\":{\"@type\":\"PropertyValueSpecification\",\"valueRequired\":true,\"valueName\":\"search_term_string\"}}],\"inLanguage\":\"ru-RU\"},{\"@type\":\"Person\",\"@id\":\"http:\\\/\\\/chch.arminfonews.ru\\\/#\\\/schema\\\/person\\\/66e5e612cc0d211a073d4fd905e953a5\",\"name\":\"admin\",\"image\":{\"@type\":\"ImageObject\",\"inLanguage\":\"ru-RU\",\"@id\":\"https:\\\/\\\/secure.gravatar.com\\\/avatar\\\/0ed435f9e4056e0930898ce78c89fa82fe18d3c798c761c71f1f33be878b3b0b?s=96&d=mm&r=g\",\"url\":\"https:\\\/\\\/secure.gravatar.com\\\/avatar\\\/0ed435f9e4056e0930898ce78c89fa82fe18d3c798c761c71f1f33be878b3b0b?s=96&d=mm&r=g\",\"contentUrl\":\"https:\\\/\\\/secure.gravatar.com\\\/avatar\\\/0ed435f9e4056e0930898ce78c89fa82fe18d3c798c761c71f1f33be878b3b0b?s=96&d=mm&r=g\",\"caption\":\"admin\"},\"sameAs\":[\"http:\\\/\\\/chch.arminfonews.ru\"],\"url\":\"https:\\\/\\\/chch.arminfonews.ru\\\/?author=1\"}]}<\/script>\n<!-- \/ Yoast SEO plugin. -->","yoast_head_json":{"title":"Jenseits der Filter: Warum nat\u00fcrliche Promi-Fotos wichtig sind -","robots":{"index":"index","follow":"follow","max-snippet":"max-snippet:-1","max-image-preview":"max-image-preview:large","max-video-preview":"max-video-preview:-1"},"canonical":"https:\/\/chch.arminfonews.ru\/?p=6779","og_locale":"ru_RU","og_type":"article","og_title":"Jenseits der Filter: Warum nat\u00fcrliche Promi-Fotos wichtig sind -","og_description":"Seit Jahrzehnten lebt die Welt der Prominenten von sorgf\u00e4ltig inszenierten Bildern. Magazincover werden professionell ausgeleuchtet, Auftritte auf dem roten Teppich bis ins kleinste","og_url":"https:\/\/chch.arminfonews.ru\/?p=6779","article_published_time":"2026-09-03T20:12:06+00:00","article_modified_time":"2026-09-03T20:12:08+00:00","og_image":[{"width":1024,"height":538,"url":"http:\/\/chch.arminfonews.ru\/wp-content\/uploads\/2026\/09\/25410-1024x538.png","type":"image\/png"}],"author":"admin","twitter_card":"summary_large_image","twitter_misc":{"\u041d\u0430\u043f\u0438\u0441\u0430\u043d\u043e \u0430\u0432\u0442\u043e\u0440\u043e\u043c":"admin","\u041f\u0440\u0438\u043c\u0435\u0440\u043d\u043e\u0435 \u0432\u0440\u0435\u043c\u044f \u0434\u043b\u044f \u0447\u0442\u0435\u043d\u0438\u044f":"9 \u043c\u0438\u043d\u0443\u0442"},"schema":{"@context":"https:\/\/schema.org","@graph":[{"@type":"Article","@id":"https:\/\/chch.arminfonews.ru\/?p=6779#article","isPartOf":{"@id":"https:\/\/chch.arminfonews.ru\/?p=6779"},"author":{"name":"admin","@id":"http:\/\/chch.arminfonews.ru\/#\/schema\/person\/66e5e612cc0d211a073d4fd905e953a5"},"headline":"Jenseits der Filter: Warum nat\u00fcrliche Promi-Fotos wichtig sind","datePublished":"2026-09-03T20:12:06+00:00","dateModified":"2026-09-03T20:12:08+00:00","mainEntityOfPage":{"@id":"https:\/\/chch.arminfonews.ru\/?p=6779"},"wordCount":1749,"commentCount":0,"image":{"@id":"https:\/\/chch.arminfonews.ru\/?p=6779#primaryimage"},"thumbnailUrl":"https:\/\/chch.arminfonews.ru\/wp-content\/uploads\/2026\/09\/25410.png","articleSection":["News"],"inLanguage":"ru-RU","potentialAction":[{"@type":"CommentAction","name":"Comment","target":["https:\/\/chch.arminfonews.ru\/?p=6779#respond"]}]},{"@type":"WebPage","@id":"https:\/\/chch.arminfonews.ru\/?p=6779","url":"https:\/\/chch.arminfonews.ru\/?p=6779","name":"Jenseits der Filter: Warum nat\u00fcrliche Promi-Fotos wichtig sind -","isPartOf":{"@id":"http:\/\/chch.arminfonews.ru\/#website"},"primaryImageOfPage":{"@id":"https:\/\/chch.arminfonews.ru\/?p=6779#primaryimage"},"image":{"@id":"https:\/\/chch.arminfonews.ru\/?p=6779#primaryimage"},"thumbnailUrl":"https:\/\/chch.arminfonews.ru\/wp-content\/uploads\/2026\/09\/25410.png","datePublished":"2026-09-03T20:12:06+00:00","dateModified":"2026-09-03T20:12:08+00:00","author":{"@id":"http:\/\/chch.arminfonews.ru\/#\/schema\/person\/66e5e612cc0d211a073d4fd905e953a5"},"breadcrumb":{"@id":"https:\/\/chch.arminfonews.ru\/?p=6779#breadcrumb"},"inLanguage":"ru-RU","potentialAction":[{"@type":"ReadAction","target":["https:\/\/chch.arminfonews.ru\/?p=6779"]}]},{"@type":"ImageObject","inLanguage":"ru-RU","@id":"https:\/\/chch.arminfonews.ru\/?p=6779#primaryimage","url":"https:\/\/chch.arminfonews.ru\/wp-content\/uploads\/2026\/09\/25410.png","contentUrl":"https:\/\/chch.arminfonews.ru\/wp-content\/uploads\/2026\/09\/25410.png","width":1730,"height":909},{"@type":"BreadcrumbList","@id":"https:\/\/chch.arminfonews.ru\/?p=6779#breadcrumb","itemListElement":[{"@type":"ListItem","position":1,"name":"\u0413\u043b\u0430\u0432\u043d\u0430\u044f \u0441\u0442\u0440\u0430\u043d\u0438\u0446\u0430","item":"http:\/\/chch.arminfonews.ru\/"},{"@type":"ListItem","position":2,"name":"Jenseits der Filter: Warum nat\u00fcrliche Promi-Fotos wichtig sind"}]},{"@type":"WebSite","@id":"http:\/\/chch.arminfonews.ru\/#website","url":"http:\/\/chch.arminfonews.ru\/","name":"","description":"","potentialAction":[{"@type":"SearchAction","target":{"@type":"EntryPoint","urlTemplate":"http:\/\/chch.arminfonews.ru\/?s={search_term_string}"},"query-input":{"@type":"PropertyValueSpecification","valueRequired":true,"valueName":"search_term_string"}}],"inLanguage":"ru-RU"},{"@type":"Person","@id":"http:\/\/chch.arminfonews.ru\/#\/schema\/person\/66e5e612cc0d211a073d4fd905e953a5","name":"admin","image":{"@type":"ImageObject","inLanguage":"ru-RU","@id":"https:\/\/secure.gravatar.com\/avatar\/0ed435f9e4056e0930898ce78c89fa82fe18d3c798c761c71f1f33be878b3b0b?s=96&d=mm&r=g","url":"https:\/\/secure.gravatar.com\/avatar\/0ed435f9e4056e0930898ce78c89fa82fe18d3c798c761c71f1f33be878b3b0b?s=96&d=mm&r=g","contentUrl":"https:\/\/secure.gravatar.com\/avatar\/0ed435f9e4056e0930898ce78c89fa82fe18d3c798c761c71f1f33be878b3b0b?s=96&d=mm&r=g","caption":"admin"},"sameAs":["http:\/\/chch.arminfonews.ru"],"url":"https:\/\/chch.arminfonews.ru\/?author=1"}]}},"_links":{"self":[{"href":"https:\/\/chch.arminfonews.ru\/index.php?rest_route=\/wp\/v2\/posts\/6779","targetHints":{"allow":["GET"]}}],"collection":[{"href":"https:\/\/chch.arminfonews.ru\/index.php?rest_route=\/wp\/v2\/posts"}],"about":[{"href":"https:\/\/chch.arminfonews.ru\/index.php?rest_route=\/wp\/v2\/types\/post"}],"author":[{"embeddable":true,"href":"https:\/\/chch.arminfonews.ru\/index.php?rest_route=\/wp\/v2\/users\/1"}],"replies":[{"embeddable":true,"href":"https:\/\/chch.arminfonews.ru\/index.php?rest_route=%2Fwp%2Fv2%2Fcomments&post=6779"}],"version-history":[{"count":1,"href":"https:\/\/chch.arminfonews.ru\/index.php?rest_route=\/wp\/v2\/posts\/6779\/revisions"}],"predecessor-version":[{"id":6781,"href":"https:\/\/chch.arminfonews.ru\/index.php?rest_route=\/wp\/v2\/posts\/6779\/revisions\/6781"}],"wp:featuredmedia":[{"embeddable":true,"href":"https:\/\/chch.arminfonews.ru\/index.php?rest_route=\/wp\/v2\/media\/6780"}],"wp:attachment":[{"href":"https:\/\/chch.arminfonews.ru\/index.php?rest_route=%2Fwp%2Fv2%2Fmedia&parent=6779"}],"wp:term":[{"taxonomy":"category","embeddable":true,"href":"https:\/\/chch.arminfonews.ru\/index.php?rest_route=%2Fwp%2Fv2%2Fcategories&post=6779"},{"taxonomy":"post_tag","embeddable":true,"href":"https:\/\/chch.arminfonews.ru\/index.php?rest_route=%2Fwp%2Fv2%2Ftags&post=6779"}],"curies":[{"name":"wp","href":"https:\/\/api.w.org\/{rel}","templated":true}]}}