{"id":6796,"date":"2026-09-06T07:33:31","date_gmt":"2026-09-06T06:33:31","guid":{"rendered":"https:\/\/chch.arminfonews.ru\/?p=6796"},"modified":"2026-09-06T07:33:33","modified_gmt":"2026-09-06T06:33:33","slug":"charlotte-garside-ein-bemerkenswertes-leben-jenseits-der-schlagzeilen","status":"publish","type":"post","link":"https:\/\/chch.arminfonews.ru\/?p=6796","title":{"rendered":"Charlotte Garside: Ein bemerkenswertes Leben jenseits der Schlagzeilen"},"content":{"rendered":"\n<p class=\"wp-block-paragraph\">Manche Geschichten aus der Kindheit erregen weltweit Aufmerksamkeit, weil sie unsere Vorstellungen von Wachstum, Gesundheit und menschlicher Widerstandskraft infrage stellen. Die Geschichte von Charlotte Garside geh\u00f6rt dazu. Von Beginn ihres Lebens an fiel sie durch ihre au\u00dfergew\u00f6hnlich geringe K\u00f6rpergr\u00f6\u00dfe auf. Schlie\u00dflich berichteten Medien auf der ganzen Welt \u00fcber ein M\u00e4dchen, dessen Alltag weitaus komplexer war, als es spektakul\u00e4re Fotos und Schlagzeilen vermitteln konnten.<\/p>\n\n\n\n<p class=\"wp-block-paragraph\">Charlotte wurde in Gro\u00dfbritannien geboren und wog bei ihrer Geburt nur etwa 900 Gramm. Sie war au\u00dfergew\u00f6hnlich klein. Als sie \u00e4lter wurde, bezeichneten verschiedene Medienberichte sie wiederholt als eines der kleinsten M\u00e4dchen der Welt. Ihre ungew\u00f6hnliche k\u00f6rperliche Entwicklung wurde zum auff\u00e4lligsten Merkmal vieler Artikel \u00fcber sie. F\u00fcr ihre Familie war Charlotte jedoch nie einfach eine medizinische Besonderheit. Sie war eine Tochter und Schwester, deren Kindheit viel F\u00fcrsorge, Geduld und Anpassungsf\u00e4higkeit erforderte.<\/p>\n\n\n\n<figure class=\"wp-block-image size-large\"><img loading=\"lazy\" decoding=\"async\" width=\"1024\" height=\"538\" src=\"http:\/\/chch.arminfonews.ru\/wp-content\/uploads\/2026\/09\/225-1024x538.png\" alt=\"\" class=\"wp-image-6797\" srcset=\"https:\/\/chch.arminfonews.ru\/wp-content\/uploads\/2026\/09\/225-1024x538.png 1024w, https:\/\/chch.arminfonews.ru\/wp-content\/uploads\/2026\/09\/225-300x158.png 300w, https:\/\/chch.arminfonews.ru\/wp-content\/uploads\/2026\/09\/225-768x403.png 768w, https:\/\/chch.arminfonews.ru\/wp-content\/uploads\/2026\/09\/225-1536x807.png 1536w, https:\/\/chch.arminfonews.ru\/wp-content\/uploads\/2026\/09\/225.png 1731w\" sizes=\"auto, (max-width: 1024px) 100vw, 1024px\" \/><\/figure>\n\n\n\n<p class=\"wp-block-paragraph\">Dass sie schlie\u00dflich das Teenageralter erreichte, war ein bedeutender Meilenstein. Ihr 16. Geburtstag bietet die Gelegenheit, \u00fcber die Zahlen und Ma\u00dfe hinauszublicken, durch die sie urspr\u00fcnglich bekannt wurde, und die Geschichte eines Kindes zu betrachten, das unter au\u00dfergew\u00f6hnlichen Umst\u00e4nden aufgewachsen ist.<\/p>\n\n\n\n<h2 class=\"wp-block-heading\">Ein ungew\u00f6hnlicher Start ins Leben<\/h2>\n\n\n\n<p class=\"wp-block-paragraph\">Ein Geburtsgewicht von ungef\u00e4hr 900 Gramm liegt deutlich unter dem durchschnittlichen Gewicht eines reif geborenen Babys. Neugeborene mit einem sehr niedrigen Geburtsgewicht k\u00f6nnen mit erheblichen gesundheitlichen Herausforderungen konfrontiert sein und ben\u00f6tigen insbesondere in der ersten Lebensphase h\u00e4ufig eine intensive medizinische Betreuung und \u00dcberwachung.<\/p>\n\n\n\n<p class=\"wp-block-paragraph\">Charlottes geringe K\u00f6rpergr\u00f6\u00dfe verschwand nicht einfach, als sie \u00e4lter wurde. Ihr Wachstum unterschied sich weiterhin deutlich von dem anderer Kinder. Fotos, die im Laufe der Jahre ver\u00f6ffentlicht wurden, zeigten h\u00e4ufig den auff\u00e4lligen Gr\u00f6\u00dfenunterschied zwischen Charlotte und Gleichaltrigen oder Familienmitgliedern. Auf manchen Bildern wirkte sie neben anderen Menschen beinahe wie eine Puppe.<\/p>\n\n\n\n<p class=\"wp-block-paragraph\">Solche Aufnahmen trugen dazu bei, dass ihre Geschichte international bekannt wurde. Doch Fotos allein konnten niemals erkl\u00e4ren, was es im Alltag bedeutet, mit einer \u00e4u\u00dferst seltenen Wachstumsst\u00f6rung zu leben.<\/p>\n\n\n\n<p class=\"wp-block-paragraph\">Nach zahlreichen ver\u00f6ffentlichten Berichten gingen \u00c4rzte davon aus, dass Charlottes Zustand mit einer sehr seltenen Form des primordialen Kleinwuchses zusammenh\u00e4ngt. Der Begriff \u201eprimordialer Kleinwuchs\u201c umfasst eine Gruppe seltener Erkrankungen, bei denen bereits vor der Geburt eine ausgepr\u00e4gte Wachstumsverz\u00f6gerung beginnt und sich im weiteren Leben fortsetzt.<\/p>\n\n\n\n<p class=\"wp-block-paragraph\">Da diese Erkrankungen \u00e4u\u00dferst selten sind, l\u00e4sst sich nicht jeder Fall eindeutig einer bekannten Diagnose zuordnen. F\u00fcr Familien kann diese Unsicherheit eine gro\u00dfe Belastung darstellen. Eine Diagnose ist schlie\u00dflich mehr als nur die Bezeichnung einer Erkrankung. Sie kann \u00c4rzten dabei helfen, m\u00f6gliche Komplikationen fr\u00fchzeitig zu erkennen, geeignete Untersuchungen zu planen und Eltern zumindest eine gewisse Vorstellung davon zu geben, was sie in Zukunft erwarten k\u00f6nnte.<\/p>\n\n\n\n<p class=\"wp-block-paragraph\">Bei sehr seltenen Erkrankungen bleiben jedoch h\u00e4ufig viele Fragen offen.<\/p>\n\n\n\n<h2 class=\"wp-block-heading\">Anders aufwachsen<\/h2>\n\n\n\n<p class=\"wp-block-paragraph\">Eine Kindheit besteht aus zahlreichen allt\u00e4glichen Entwicklungsschritten: sprechen lernen, zur Schule gehen, Freundschaften schlie\u00dfen und allm\u00e4hlich selbstst\u00e4ndiger werden. F\u00fcr ein Kind mit erheblichen Wachstumsunterschieden k\u00f6nnen solche gew\u00f6hnlichen Erfahrungen ungew\u00f6hnliche Anpassungen erforderlich machen.<\/p>\n\n\n\n<p class=\"wp-block-paragraph\">M\u00f6bel, Kleidung, Verkehrsmittel und Schulgeb\u00e4ude sind in der Regel f\u00fcr Menschen mit durchschnittlicher K\u00f6rpergr\u00f6\u00dfe konzipiert. Etwas so Selbstverst\u00e4ndliches wie das Erreichen eines Tisches, das \u00d6ffnen einer schweren T\u00fcr oder das bequeme Sitzen auf einem normalen Stuhl kann komplizierter werden, wenn ein Kind wesentlich kleiner ist als seine Altersgenossen.<\/p>\n\n\n\n<p class=\"wp-block-paragraph\">Hinzu kommt die soziale Seite.<\/p>\n\n\n\n<p class=\"wp-block-paragraph\">Kinder, die sich \u00e4u\u00dferlich deutlich von anderen unterscheiden, ziehen h\u00e4ufig Aufmerksamkeit auf sich. Neugier muss nicht b\u00f6se gemeint sein. St\u00e4ndige Blicke, unangemessene Fragen oder unsensible Bemerkungen k\u00f6nnen jedoch belastend werden. Wenn ein Kind zus\u00e4tzlich bereits in Zeitungen und im Internet bekannt geworden ist, entsteht eine weitere Herausforderung: Fremde k\u00f6nnen das Gef\u00fchl entwickeln, dieses Kind zu kennen, nur weil sie sein Foto gesehen haben.<\/p>\n\n\n\n<p class=\"wp-block-paragraph\">Charlottes Familie spielte in den \u00f6ffentlichen Berichten \u00fcber ihr Leben stets eine wichtige Rolle. Ihre Unterst\u00fctzung gab ihr Stabilit\u00e4t, w\u00e4hrend sie unter Umst\u00e4nden aufwuchs, die alles andere als gew\u00f6hnlich waren.<\/p>\n\n\n\n<p class=\"wp-block-paragraph\">Ihre Mutter Emma Newman sprach in fr\u00fcheren Medienberichten \u00f6ffentlich \u00fcber Charlottes Leben und \u00fcber die Unsicherheiten, mit denen die Familie umgehen musste. Dadurch wurde hinter den spektakul\u00e4ren Schlagzeilen \u00fcber ein au\u00dfergew\u00f6hnlich kleines Kind zunehmend ein junger Mensch mit Familie, Pers\u00f6nlichkeit und eigenem Alltag sichtbar.<\/p>\n\n\n\n<p class=\"wp-block-paragraph\">Dieser Unterschied ist entscheidend.<\/p>\n\n\n\n<p class=\"wp-block-paragraph\">Die K\u00f6rpergr\u00f6\u00dfe sagt nur sehr wenig \u00fcber den Wert, die Gef\u00fchle oder die Pers\u00f6nlichkeit eines Menschen aus.<\/p>\n\n\n\n<h2 class=\"wp-block-heading\">Mehr als eine medizinische Geschichte<\/h2>\n\n\n\n<p class=\"wp-block-paragraph\">Wenn Geschichten \u00fcber seltene Erkrankungen gro\u00dfe Aufmerksamkeit erhalten, konzentrieren sich Berichte h\u00e4ufig auf Zahlen: Geburtsgewicht, K\u00f6rpergr\u00f6\u00dfe, Alter oder Vergleiche mit anderen Menschen. Zahlen sind leicht verst\u00e4ndlich und eignen sich f\u00fcr auff\u00e4llige Schlagzeilen.<\/p>\n\n\n\n<p class=\"wp-block-paragraph\">Doch dadurch besteht die Gefahr, dass ein komplexes menschliches Leben auf einige wenige Messwerte reduziert wird.<\/p>\n\n\n\n<p class=\"wp-block-paragraph\">Charlottes Geschichte erh\u00e4lt eine gr\u00f6\u00dfere Bedeutung, wenn man sie aus einer anderen Perspektive betrachtet. Ihre Kindheit verdeutlicht etwas, das viele Familien mit seltenen Erkrankungen erleben: Sie m\u00fcssen mit Unsicherheit leben und sich gleichzeitig immer wieder an neue Situationen anpassen.<\/p>\n\n\n\n<p class=\"wp-block-paragraph\">Eltern m\u00fcssen sich manchmal innerhalb kurzer Zeit umfangreiches Wissen \u00fcber eine Erkrankung aneignen, von der sie vor der Geburt ihres Kindes noch nie geh\u00f6rt hatten. Sie organisieren Arzttermine, sprechen mit Schulen und m\u00fcssen anderen Menschen immer wieder erkl\u00e4ren, welche besonderen Bed\u00fcrfnisse ihr Kind hat.<\/p>\n\n\n\n<p class=\"wp-block-paragraph\">Gleichzeitig geht das Familienleben weiter.<\/p>\n\n\n\n<p class=\"wp-block-paragraph\">Es gibt Geburtstage, Feiern, Meinungsverschiedenheiten, Schultage und gew\u00f6hnliche Momente zu Hause. Eine seltene Erkrankung wird Teil des Lebens, ohne zwangsl\u00e4ufig das gesamte Leben bestimmen zu m\u00fcssen.<\/p>\n\n\n\n<p class=\"wp-block-paragraph\">Genau deshalb ist das Erreichen des 16. Lebensjahres so bedeutsam. Sechzehn Jahre bedeuten weit mehr als nur das \u00dcberleben. Dahinter stehen Tausende gew\u00f6hnliche Tage, die jenseits der dramatischen Prognosen und der gro\u00dfen Aufmerksamkeit w\u00e4hrend Charlottes fr\u00fcher Kindheit gelebt wurden.<\/p>\n\n\n\n<h2 class=\"wp-block-heading\">Die Bedeutung famili\u00e4rer Unterst\u00fctzung<\/h2>\n\n\n\n<p class=\"wp-block-paragraph\">F\u00fcr Kinder mit deutlichen k\u00f6rperlichen Unterschieden kann ein unterst\u00fctzendes Umfeld eine entscheidende Rolle f\u00fcr die Lebensqualit\u00e4t spielen. Medizinische Behandlungen k\u00fcmmern sich um gesundheitliche Probleme. Emotionale Sicherheit entsteht jedoch durch etwas anderes: durch die Erfahrung, als Mensch und nicht ausschlie\u00dflich als Diagnose wahrgenommen zu werden.<\/p>\n\n\n\n<p class=\"wp-block-paragraph\">Charlotte wuchs innerhalb einer Familie auf und war nicht grunds\u00e4tzlich von allt\u00e4glichen Erfahrungen der Kindheit ausgeschlossen. Berichte \u00fcber ihr Aufwachsen beschrieben immer wieder die Bem\u00fchungen, ihr trotz der praktischen Schwierigkeiten, die durch ihre geringe K\u00f6rpergr\u00f6\u00dfe und ihre gesundheitlichen Bed\u00fcrfnisse entstanden, die Teilnahme am Schul- und Familienleben zu erm\u00f6glichen.<\/p>\n\n\n\n<p class=\"wp-block-paragraph\">Dieser Ansatz entspricht einem wichtigen Grundsatz im Umgang mit Kindern mit Behinderungen oder seltenen Erkrankungen. Schutz ist notwendig, wenn tats\u00e4chliche medizinische Risiken bestehen. Gleichzeitig brauchen Kinder M\u00f6glichkeiten, Erfahrungen zu sammeln, soziale Kontakte aufzubauen und entsprechend ihren individuellen F\u00e4higkeiten selbstst\u00e4ndiger zu werden.<\/p>\n\n\n\n<p class=\"wp-block-paragraph\">Das richtige Gleichgewicht zu finden, kann schwierig sein.<\/p>\n\n\n\n<p class=\"wp-block-paragraph\">Eltern m\u00f6chten ein besonders verletzliches Kind verst\u00e4ndlicherweise sch\u00fctzen. Zu viel Schutz kann jedoch unbeabsichtigt Erfahrungen verhindern, die f\u00fcr die pers\u00f6nliche Entwicklung wichtig sind. Familien m\u00fcssen deshalb Entscheidungen treffen, mit denen andere Eltern nur selten konfrontiert werden. Dabei gilt es immer wieder, Sicherheit und Teilhabe gegeneinander abzuw\u00e4gen.<\/p>\n\n\n\n<p class=\"wp-block-paragraph\">Eine allgemeing\u00fcltige L\u00f6sung gibt es nicht, denn jedes Kind und jede Lebenssituation sind unterschiedlich.<\/p>\n\n\n\n<h2 class=\"wp-block-heading\">Warum seltene Erkrankungen verantwortungsvoll dargestellt werden sollten<\/h2>\n\n\n\n<p class=\"wp-block-paragraph\">Charlottes internationale Bekanntheit wirft au\u00dferdem eine grunds\u00e4tzliche Frage auf: Wie sollten Menschen mit ungew\u00f6hnlichen medizinischen Besonderheiten in den Medien dargestellt werden?<\/p>\n\n\n\n<p class=\"wp-block-paragraph\">Bezeichnungen wie \u201edas kleinste M\u00e4dchen der Welt\u201c bleiben im Ged\u00e4chtnis, sollten jedoch mit Vorsicht verwendet werden. Weltweite Rekorde lassen sich nur schwer eindeutig feststellen, Definitionen k\u00f6nnen voneinander abweichen und Vergleiche zwischen Menschen mit unterschiedlichen Erkrankungen sind nicht zwangsl\u00e4ufig sinnvoll. Charlotte wurde in Medien h\u00e4ufig mit solchen Bezeichnungen beschrieben. Diese Formulierungen sollten jedoch eher als mediale Charakterisierung verstanden werden und nicht als der wichtigste Bestandteil ihrer Identit\u00e4t.<\/p>\n\n\n\n<p class=\"wp-block-paragraph\">Verantwortungsvolle Berichterstattung sollte deshalb den Menschen in den Mittelpunkt stellen und nicht das Spektakul\u00e4re.<\/p>\n\n\n\n<p class=\"wp-block-paragraph\">Seltene Erkrankungen verdienen \u00f6ffentliche Aufmerksamkeit. Ein gr\u00f6\u00dferes Bewusstsein kann Forschung f\u00f6rdern, das Verst\u00e4ndnis verbessern und betroffenen Familien zeigen, dass sie mit ihren Erfahrungen nicht allein sind. Wertvoll wird diese Aufmerksamkeit allerdings erst dann, wenn die W\u00fcrde des jeweiligen Menschen respektiert wird.<\/p>\n\n\n\n<p class=\"wp-block-paragraph\">Ein Kind sollte nicht zum Objekt der Sensationslust werden, nur weil sich sein K\u00f6rper anders entwickelt.<\/p>\n\n\n\n<p class=\"wp-block-paragraph\">Charlottes Leben ist daf\u00fcr ein besonders deutliches Beispiel. Der auff\u00e4llige Unterschied zwischen ihrer K\u00f6rpergr\u00f6\u00dfe und ihrem Alter zieht verst\u00e4ndlicherweise Aufmerksamkeit auf sich. Wer sich jedoch ausschlie\u00dflich darauf konzentriert, \u00fcbersieht fast alles, was f\u00fcr das tats\u00e4chliche Aufwachsen eines Menschen wichtig ist.<\/p>\n\n\n\n<h2 class=\"wp-block-heading\">Sechzehn Jahre sp\u00e4ter<\/h2>\n\n\n\n<p class=\"wp-block-paragraph\">Ein 16. Geburtstag ist f\u00fcr fast jeden Jugendlichen ein besonderer Moment. Er geh\u00f6rt zu einer Lebensphase, in der die Kindheit langsam gr\u00f6\u00dferer Selbstst\u00e4ndigkeit weicht und die eigene Pers\u00f6nlichkeit und Identit\u00e4t immer wichtiger werden.<\/p>\n\n\n\n<p class=\"wp-block-paragraph\">F\u00fcr Charlotte besitzt dieser Meilenstein eine zus\u00e4tzliche Bedeutung, weil sich die \u00f6ffentliche Aufmerksamkeit \u00fcber Jahre hinweg haupts\u00e4chlich darauf konzentrierte, wie klein sie k\u00f6rperlich ist.<\/p>\n\n\n\n<p class=\"wp-block-paragraph\">Das Baby, das bei seiner Geburt nur ungef\u00e4hr 900 Gramm wog, wuchs weiter und erreichte zun\u00e4chst die Kindheit und schlie\u00dflich das Jugendalter. Ihr Lebensweg entsprach nicht den \u00fcblichen Erwartungen. Gerade deshalb ist ihre Geschichte vielen Menschen in Erinnerung geblieben.<\/p>\n\n\n\n<p class=\"wp-block-paragraph\">Dabei sollte ihr Leben nicht zu einer vereinfachten Erz\u00e4hlung gemacht werden, in der Entschlossenheit oder Optimismus s\u00e4mtliche medizinischen Schwierigkeiten verschwinden lassen. Seltene Wachstumsst\u00f6rungen sind reale Erkrankungen mit realen Folgen. Liebe und Zuversicht k\u00f6nnen medizinische Betreuung nicht ersetzen, und Widerstandskraft bedeutet nicht, dass Herausforderungen pl\u00f6tzlich verschwinden.<\/p>\n\n\n\n<p class=\"wp-block-paragraph\">Was famili\u00e4re Unterst\u00fctzung jedoch erm\u00f6glichen kann, ist etwas ebenso Wichtiges: einem Menschen die Chance zu geben, ein Leben zu f\u00fchren, das nicht ausschlie\u00dflich durch seine Schwierigkeiten definiert wird.<\/p>\n\n\n\n<p class=\"wp-block-paragraph\">Vielleicht liegt darin die wichtigste Botschaft von Charlottes Geschichte.<\/p>\n\n\n\n<p class=\"wp-block-paragraph\">Ihr 16. Geburtstag ist nicht nur deshalb bemerkenswert, weil aus einem au\u00dfergew\u00f6hnlich kleinen Baby eine Jugendliche geworden ist. Hinter diesem Geburtstag liegen Jahre voller Familienleben, Anpassung und pers\u00f6nlicher Erfahrungen, die sich nicht in Zahlen und K\u00f6rperma\u00dfen ausdr\u00fccken lassen.<\/p>\n\n\n\n<p class=\"wp-block-paragraph\">Als Charlotte erstmals internationale Bekanntheit erlangte, bemerkte die Welt sie vor allem wegen ihrer au\u00dfergew\u00f6hnlichen K\u00f6rpergr\u00f6\u00dfe. Sechzehn Jahre sp\u00e4ter lohnt sich vielleicht ein anderer Blick: Ein menschliches Leben ist immer gr\u00f6\u00dfer als jene k\u00f6rperlichen Merkmale, durch die ein Mensch zun\u00e4chst Aufmerksamkeit erh\u00e4lt.<\/p>\n\n\n\n<p class=\"wp-block-paragraph\">Charlotte Garsides Geschichte begann f\u00fcr die \u00d6ffentlichkeit mit einer Zahl \u2013 ungef\u00e4hr 900 Gramm. Doch keine Zahl kann beschreiben, was danach alles folgte.<\/p>\n\n\n\n<p class=\"wp-block-paragraph\"><\/p>\n","protected":false},"excerpt":{"rendered":"Manche Geschichten aus der Kindheit erregen weltweit Aufmerksamkeit, weil sie unsere Vorstellungen von Wachstum, Gesundheit und menschlicher Widerstandskraft infrage stellen. Die Geschichte von \n<a class=\"moretag\" href=\"https:\/\/chch.arminfonews.ru\/?p=6796\"> [...]<\/a>","protected":false},"author":1,"featured_media":6797,"comment_status":"open","ping_status":"open","sticky":false,"template":"","format":"standard","meta":{"footnotes":""},"categories":[1],"tags":[],"class_list":["post-6796","post","type-post","status-publish","format-standard","has-post-thumbnail","hentry","category-uncategorised"],"yoast_head":"<!-- This site is optimized with the Yoast SEO plugin v28.4 - https:\/\/yoast.com\/product\/yoast-seo-wordpress\/ -->\n<title>Charlotte Garside: Ein bemerkenswertes Leben jenseits der Schlagzeilen -<\/title>\n<meta name=\"robots\" content=\"index, follow, max-snippet:-1, max-image-preview:large, max-video-preview:-1\" \/>\n<link rel=\"canonical\" href=\"https:\/\/chch.arminfonews.ru\/?p=6796\" \/>\n<meta property=\"og:locale\" content=\"ru_RU\" \/>\n<meta property=\"og:type\" content=\"article\" \/>\n<meta property=\"og:title\" content=\"Charlotte Garside: Ein bemerkenswertes Leben jenseits der Schlagzeilen -\" \/>\n<meta property=\"og:description\" content=\"Manche Geschichten aus der Kindheit erregen weltweit Aufmerksamkeit, weil sie unsere Vorstellungen von Wachstum, Gesundheit und menschlicher Widerstandskraft infrage stellen. Die Geschichte von\" \/>\n<meta property=\"og:url\" content=\"https:\/\/chch.arminfonews.ru\/?p=6796\" \/>\n<meta property=\"article:published_time\" content=\"2026-09-06T06:33:31+00:00\" \/>\n<meta property=\"article:modified_time\" content=\"2026-09-06T06:33:33+00:00\" \/>\n<meta property=\"og:image\" content=\"http:\/\/chch.arminfonews.ru\/wp-content\/uploads\/2026\/09\/225-1024x538.png\" \/>\n\t<meta property=\"og:image:width\" content=\"1024\" \/>\n\t<meta property=\"og:image:height\" content=\"538\" \/>\n\t<meta property=\"og:image:type\" content=\"image\/png\" \/>\n<meta name=\"author\" content=\"admin\" \/>\n<meta name=\"twitter:card\" content=\"summary_large_image\" \/>\n<meta name=\"twitter:label1\" content=\"\u041d\u0430\u043f\u0438\u0441\u0430\u043d\u043e \u0430\u0432\u0442\u043e\u0440\u043e\u043c\" \/>\n\t<meta name=\"twitter:data1\" content=\"admin\" \/>\n\t<meta name=\"twitter:label2\" content=\"\u041f\u0440\u0438\u043c\u0435\u0440\u043d\u043e\u0435 \u0432\u0440\u0435\u043c\u044f \u0434\u043b\u044f \u0447\u0442\u0435\u043d\u0438\u044f\" \/>\n\t<meta name=\"twitter:data2\" content=\"9 \u043c\u0438\u043d\u0443\u0442\" \/>\n<script type=\"application\/ld+json\" class=\"yoast-schema-graph\">{\"@context\":\"https:\\\/\\\/schema.org\",\"@graph\":[{\"@type\":\"Article\",\"@id\":\"https:\\\/\\\/chch.arminfonews.ru\\\/?p=6796#article\",\"isPartOf\":{\"@id\":\"https:\\\/\\\/chch.arminfonews.ru\\\/?p=6796\"},\"author\":{\"name\":\"admin\",\"@id\":\"http:\\\/\\\/chch.arminfonews.ru\\\/#\\\/schema\\\/person\\\/66e5e612cc0d211a073d4fd905e953a5\"},\"headline\":\"Charlotte Garside: Ein bemerkenswertes Leben jenseits der Schlagzeilen\",\"datePublished\":\"2026-09-06T06:33:31+00:00\",\"dateModified\":\"2026-09-06T06:33:33+00:00\",\"mainEntityOfPage\":{\"@id\":\"https:\\\/\\\/chch.arminfonews.ru\\\/?p=6796\"},\"wordCount\":1770,\"commentCount\":0,\"image\":{\"@id\":\"https:\\\/\\\/chch.arminfonews.ru\\\/?p=6796#primaryimage\"},\"thumbnailUrl\":\"https:\\\/\\\/chch.arminfonews.ru\\\/wp-content\\\/uploads\\\/2026\\\/09\\\/225.png\",\"articleSection\":[\"News\"],\"inLanguage\":\"ru-RU\",\"potentialAction\":[{\"@type\":\"CommentAction\",\"name\":\"Comment\",\"target\":[\"https:\\\/\\\/chch.arminfonews.ru\\\/?p=6796#respond\"]}]},{\"@type\":\"WebPage\",\"@id\":\"https:\\\/\\\/chch.arminfonews.ru\\\/?p=6796\",\"url\":\"https:\\\/\\\/chch.arminfonews.ru\\\/?p=6796\",\"name\":\"Charlotte Garside: Ein bemerkenswertes Leben jenseits der Schlagzeilen -\",\"isPartOf\":{\"@id\":\"http:\\\/\\\/chch.arminfonews.ru\\\/#website\"},\"primaryImageOfPage\":{\"@id\":\"https:\\\/\\\/chch.arminfonews.ru\\\/?p=6796#primaryimage\"},\"image\":{\"@id\":\"https:\\\/\\\/chch.arminfonews.ru\\\/?p=6796#primaryimage\"},\"thumbnailUrl\":\"https:\\\/\\\/chch.arminfonews.ru\\\/wp-content\\\/uploads\\\/2026\\\/09\\\/225.png\",\"datePublished\":\"2026-09-06T06:33:31+00:00\",\"dateModified\":\"2026-09-06T06:33:33+00:00\",\"author\":{\"@id\":\"http:\\\/\\\/chch.arminfonews.ru\\\/#\\\/schema\\\/person\\\/66e5e612cc0d211a073d4fd905e953a5\"},\"breadcrumb\":{\"@id\":\"https:\\\/\\\/chch.arminfonews.ru\\\/?p=6796#breadcrumb\"},\"inLanguage\":\"ru-RU\",\"potentialAction\":[{\"@type\":\"ReadAction\",\"target\":[\"https:\\\/\\\/chch.arminfonews.ru\\\/?p=6796\"]}]},{\"@type\":\"ImageObject\",\"inLanguage\":\"ru-RU\",\"@id\":\"https:\\\/\\\/chch.arminfonews.ru\\\/?p=6796#primaryimage\",\"url\":\"https:\\\/\\\/chch.arminfonews.ru\\\/wp-content\\\/uploads\\\/2026\\\/09\\\/225.png\",\"contentUrl\":\"https:\\\/\\\/chch.arminfonews.ru\\\/wp-content\\\/uploads\\\/2026\\\/09\\\/225.png\",\"width\":1731,\"height\":909},{\"@type\":\"BreadcrumbList\",\"@id\":\"https:\\\/\\\/chch.arminfonews.ru\\\/?p=6796#breadcrumb\",\"itemListElement\":[{\"@type\":\"ListItem\",\"position\":1,\"name\":\"\u0413\u043b\u0430\u0432\u043d\u0430\u044f \u0441\u0442\u0440\u0430\u043d\u0438\u0446\u0430\",\"item\":\"http:\\\/\\\/chch.arminfonews.ru\\\/\"},{\"@type\":\"ListItem\",\"position\":2,\"name\":\"Charlotte Garside: Ein bemerkenswertes Leben jenseits der Schlagzeilen\"}]},{\"@type\":\"WebSite\",\"@id\":\"http:\\\/\\\/chch.arminfonews.ru\\\/#website\",\"url\":\"http:\\\/\\\/chch.arminfonews.ru\\\/\",\"name\":\"\",\"description\":\"\",\"potentialAction\":[{\"@type\":\"SearchAction\",\"target\":{\"@type\":\"EntryPoint\",\"urlTemplate\":\"http:\\\/\\\/chch.arminfonews.ru\\\/?s={search_term_string}\"},\"query-input\":{\"@type\":\"PropertyValueSpecification\",\"valueRequired\":true,\"valueName\":\"search_term_string\"}}],\"inLanguage\":\"ru-RU\"},{\"@type\":\"Person\",\"@id\":\"http:\\\/\\\/chch.arminfonews.ru\\\/#\\\/schema\\\/person\\\/66e5e612cc0d211a073d4fd905e953a5\",\"name\":\"admin\",\"image\":{\"@type\":\"ImageObject\",\"inLanguage\":\"ru-RU\",\"@id\":\"https:\\\/\\\/secure.gravatar.com\\\/avatar\\\/0ed435f9e4056e0930898ce78c89fa82fe18d3c798c761c71f1f33be878b3b0b?s=96&d=mm&r=g\",\"url\":\"https:\\\/\\\/secure.gravatar.com\\\/avatar\\\/0ed435f9e4056e0930898ce78c89fa82fe18d3c798c761c71f1f33be878b3b0b?s=96&d=mm&r=g\",\"contentUrl\":\"https:\\\/\\\/secure.gravatar.com\\\/avatar\\\/0ed435f9e4056e0930898ce78c89fa82fe18d3c798c761c71f1f33be878b3b0b?s=96&d=mm&r=g\",\"caption\":\"admin\"},\"sameAs\":[\"http:\\\/\\\/chch.arminfonews.ru\"],\"url\":\"https:\\\/\\\/chch.arminfonews.ru\\\/?author=1\"}]}<\/script>\n<!-- \/ Yoast SEO plugin. -->","yoast_head_json":{"title":"Charlotte Garside: Ein bemerkenswertes Leben jenseits der Schlagzeilen -","robots":{"index":"index","follow":"follow","max-snippet":"max-snippet:-1","max-image-preview":"max-image-preview:large","max-video-preview":"max-video-preview:-1"},"canonical":"https:\/\/chch.arminfonews.ru\/?p=6796","og_locale":"ru_RU","og_type":"article","og_title":"Charlotte Garside: Ein bemerkenswertes Leben jenseits der Schlagzeilen -","og_description":"Manche Geschichten aus der Kindheit erregen weltweit Aufmerksamkeit, weil sie unsere Vorstellungen von Wachstum, Gesundheit und menschlicher Widerstandskraft infrage stellen. Die Geschichte von","og_url":"https:\/\/chch.arminfonews.ru\/?p=6796","article_published_time":"2026-09-06T06:33:31+00:00","article_modified_time":"2026-09-06T06:33:33+00:00","og_image":[{"width":1024,"height":538,"url":"http:\/\/chch.arminfonews.ru\/wp-content\/uploads\/2026\/09\/225-1024x538.png","type":"image\/png"}],"author":"admin","twitter_card":"summary_large_image","twitter_misc":{"\u041d\u0430\u043f\u0438\u0441\u0430\u043d\u043e \u0430\u0432\u0442\u043e\u0440\u043e\u043c":"admin","\u041f\u0440\u0438\u043c\u0435\u0440\u043d\u043e\u0435 \u0432\u0440\u0435\u043c\u044f \u0434\u043b\u044f \u0447\u0442\u0435\u043d\u0438\u044f":"9 \u043c\u0438\u043d\u0443\u0442"},"schema":{"@context":"https:\/\/schema.org","@graph":[{"@type":"Article","@id":"https:\/\/chch.arminfonews.ru\/?p=6796#article","isPartOf":{"@id":"https:\/\/chch.arminfonews.ru\/?p=6796"},"author":{"name":"admin","@id":"http:\/\/chch.arminfonews.ru\/#\/schema\/person\/66e5e612cc0d211a073d4fd905e953a5"},"headline":"Charlotte Garside: Ein bemerkenswertes Leben jenseits der Schlagzeilen","datePublished":"2026-09-06T06:33:31+00:00","dateModified":"2026-09-06T06:33:33+00:00","mainEntityOfPage":{"@id":"https:\/\/chch.arminfonews.ru\/?p=6796"},"wordCount":1770,"commentCount":0,"image":{"@id":"https:\/\/chch.arminfonews.ru\/?p=6796#primaryimage"},"thumbnailUrl":"https:\/\/chch.arminfonews.ru\/wp-content\/uploads\/2026\/09\/225.png","articleSection":["News"],"inLanguage":"ru-RU","potentialAction":[{"@type":"CommentAction","name":"Comment","target":["https:\/\/chch.arminfonews.ru\/?p=6796#respond"]}]},{"@type":"WebPage","@id":"https:\/\/chch.arminfonews.ru\/?p=6796","url":"https:\/\/chch.arminfonews.ru\/?p=6796","name":"Charlotte Garside: Ein bemerkenswertes Leben jenseits der Schlagzeilen -","isPartOf":{"@id":"http:\/\/chch.arminfonews.ru\/#website"},"primaryImageOfPage":{"@id":"https:\/\/chch.arminfonews.ru\/?p=6796#primaryimage"},"image":{"@id":"https:\/\/chch.arminfonews.ru\/?p=6796#primaryimage"},"thumbnailUrl":"https:\/\/chch.arminfonews.ru\/wp-content\/uploads\/2026\/09\/225.png","datePublished":"2026-09-06T06:33:31+00:00","dateModified":"2026-09-06T06:33:33+00:00","author":{"@id":"http:\/\/chch.arminfonews.ru\/#\/schema\/person\/66e5e612cc0d211a073d4fd905e953a5"},"breadcrumb":{"@id":"https:\/\/chch.arminfonews.ru\/?p=6796#breadcrumb"},"inLanguage":"ru-RU","potentialAction":[{"@type":"ReadAction","target":["https:\/\/chch.arminfonews.ru\/?p=6796"]}]},{"@type":"ImageObject","inLanguage":"ru-RU","@id":"https:\/\/chch.arminfonews.ru\/?p=6796#primaryimage","url":"https:\/\/chch.arminfonews.ru\/wp-content\/uploads\/2026\/09\/225.png","contentUrl":"https:\/\/chch.arminfonews.ru\/wp-content\/uploads\/2026\/09\/225.png","width":1731,"height":909},{"@type":"BreadcrumbList","@id":"https:\/\/chch.arminfonews.ru\/?p=6796#breadcrumb","itemListElement":[{"@type":"ListItem","position":1,"name":"\u0413\u043b\u0430\u0432\u043d\u0430\u044f \u0441\u0442\u0440\u0430\u043d\u0438\u0446\u0430","item":"http:\/\/chch.arminfonews.ru\/"},{"@type":"ListItem","position":2,"name":"Charlotte Garside: Ein bemerkenswertes Leben jenseits der Schlagzeilen"}]},{"@type":"WebSite","@id":"http:\/\/chch.arminfonews.ru\/#website","url":"http:\/\/chch.arminfonews.ru\/","name":"","description":"","potentialAction":[{"@type":"SearchAction","target":{"@type":"EntryPoint","urlTemplate":"http:\/\/chch.arminfonews.ru\/?s={search_term_string}"},"query-input":{"@type":"PropertyValueSpecification","valueRequired":true,"valueName":"search_term_string"}}],"inLanguage":"ru-RU"},{"@type":"Person","@id":"http:\/\/chch.arminfonews.ru\/#\/schema\/person\/66e5e612cc0d211a073d4fd905e953a5","name":"admin","image":{"@type":"ImageObject","inLanguage":"ru-RU","@id":"https:\/\/secure.gravatar.com\/avatar\/0ed435f9e4056e0930898ce78c89fa82fe18d3c798c761c71f1f33be878b3b0b?s=96&d=mm&r=g","url":"https:\/\/secure.gravatar.com\/avatar\/0ed435f9e4056e0930898ce78c89fa82fe18d3c798c761c71f1f33be878b3b0b?s=96&d=mm&r=g","contentUrl":"https:\/\/secure.gravatar.com\/avatar\/0ed435f9e4056e0930898ce78c89fa82fe18d3c798c761c71f1f33be878b3b0b?s=96&d=mm&r=g","caption":"admin"},"sameAs":["http:\/\/chch.arminfonews.ru"],"url":"https:\/\/chch.arminfonews.ru\/?author=1"}]}},"_links":{"self":[{"href":"https:\/\/chch.arminfonews.ru\/index.php?rest_route=\/wp\/v2\/posts\/6796","targetHints":{"allow":["GET"]}}],"collection":[{"href":"https:\/\/chch.arminfonews.ru\/index.php?rest_route=\/wp\/v2\/posts"}],"about":[{"href":"https:\/\/chch.arminfonews.ru\/index.php?rest_route=\/wp\/v2\/types\/post"}],"author":[{"embeddable":true,"href":"https:\/\/chch.arminfonews.ru\/index.php?rest_route=\/wp\/v2\/users\/1"}],"replies":[{"embeddable":true,"href":"https:\/\/chch.arminfonews.ru\/index.php?rest_route=%2Fwp%2Fv2%2Fcomments&post=6796"}],"version-history":[{"count":1,"href":"https:\/\/chch.arminfonews.ru\/index.php?rest_route=\/wp\/v2\/posts\/6796\/revisions"}],"predecessor-version":[{"id":6798,"href":"https:\/\/chch.arminfonews.ru\/index.php?rest_route=\/wp\/v2\/posts\/6796\/revisions\/6798"}],"wp:featuredmedia":[{"embeddable":true,"href":"https:\/\/chch.arminfonews.ru\/index.php?rest_route=\/wp\/v2\/media\/6797"}],"wp:attachment":[{"href":"https:\/\/chch.arminfonews.ru\/index.php?rest_route=%2Fwp%2Fv2%2Fmedia&parent=6796"}],"wp:term":[{"taxonomy":"category","embeddable":true,"href":"https:\/\/chch.arminfonews.ru\/index.php?rest_route=%2Fwp%2Fv2%2Fcategories&post=6796"},{"taxonomy":"post_tag","embeddable":true,"href":"https:\/\/chch.arminfonews.ru\/index.php?rest_route=%2Fwp%2Fv2%2Ftags&post=6796"}],"curies":[{"name":"wp","href":"https:\/\/api.w.org\/{rel}","templated":true}]}}